{"id":634,"date":"2020-02-25T12:43:00","date_gmt":"2020-02-25T12:43:00","guid":{"rendered":"http:\/\/npf-website-wordpress.ind.ninja\/?post_type=news&#038;p=634"},"modified":"2021-05-13T12:43:28","modified_gmt":"2021-05-13T12:43:28","slug":"les-fnp-reconnaissent-le-professionnalisme-et-le-devouement-des-membres-de-la-grc-dans-la-reponse-aux-actions-de-protestation","status":"publish","type":"news","link":"https:\/\/npf-website-wordpress.ind.ninja\/fr\/news-item\/les-fnp-reconnaissent-le-professionnalisme-et-le-devouement-des-membres-de-la-grc-dans-la-reponse-aux-actions-de-protestation\/","title":{"rendered":"Les FNP reconnaissent le professionnalisme et le d\u00e9vouement des membres de la GRC dans la r\u00e9ponse aux actions de protestation"},"content":{"rendered":"<p>La F\u00e9d\u00e9ration de la police nationale, qui repr\u00e9sente environ 20 000 membres de la GRC au Canada et \u00e0 l&#8217;\u00e9tranger, remercie et soutient ses membres qui appliquent les injonctions des tribunaux et les lois pertinentes du Canada en ce qui concerne les diverses actions de protestation dans notre pays.<\/p><p>Nous sommes conscients de la difficult\u00e9 de cette situation, et de la complexit\u00e9 qui vient avec la n\u00e9cessit\u00e9 de donner suite \u00e0 une d\u00e9cision de la Cour relative \u00e0 la gouvernance indig\u00e8ne entre les chefs \u00e9lus et h\u00e9r\u00e9ditaires. En m\u00eame temps, nous sommes fiers et soutenons les actions et le professionnalisme de nos membres dans cette situation complexe.<\/p><p>Les membres de la GRC ont pr\u00eat\u00e9 le serment de faire respecter les lois du Canada de mani\u00e8re respectueuse et professionnelle. Nos agents honorent ce serment en accord avec leur responsabilit\u00e9 de respecter les droits de toutes les personnes; de maintenir l&#8217;int\u00e9grit\u00e9 de la loi, de l&#8217;application de la loi et de l&#8217;administration de la justice; et d&#8217;accomplir les t\u00e2ches du membre avec promptitude, impartialit\u00e9 et diligence, conform\u00e9ment \u00e0 la loi et sans abuser de leur autorit\u00e9.<\/p><p>Les agents de la GRC ont agi pour prot\u00e9ger et pr\u00e9server la s\u00e9curit\u00e9 publique dans des circonstances \u00e9prouvantes et hautement litigieuses &#8211; souvent \u00e0 leurs propres risques &#8211; \u00e0 maintes reprises au cours de l&#8217;histoire du Canada.<\/p><p>Nous esp\u00e9rons qu&#8217;une solution pacifique et mutuellement satisfaisante \u00e0 cette situation sera bient\u00f4t trouv\u00e9e pour le public et nos membres, et qu&#8217;ils retourneront dans leurs familles et leurs communaut\u00e9s en toute s\u00e9curit\u00e9.<\/p><h2 class=\"wp-block-heading\">A propos de la F\u00e9d\u00e9ration nationale de la police :<\/h2><p>La F\u00e9d\u00e9ration de la police nationale (FPN) a \u00e9t\u00e9 accr\u00e9dit\u00e9e pour repr\u00e9senter environ 20 000 membres de la GRC en service au Canada et \u00e0 l&#8217;\u00e9tranger au cours de l&#8217;\u00e9t\u00e9 2019, et son conseil d&#8217;administration national \u00e9lu a \u00e9t\u00e9 confirm\u00e9 au d\u00e9but de 2020. La FPN est la plus grande organisation de relations de travail de la police au Canada et la deuxi\u00e8me plus grande en Am\u00e9rique du Nord. Elle est la premi\u00e8re association nationale ind\u00e9pendante \u00e0 repr\u00e9senter les membres de la GRC.<\/p><p>La FPN se concentrera sur l&#8217;am\u00e9lioration de la s\u00e9curit\u00e9 publique au Canada en n\u00e9gociant la toute premi\u00e8re convention collective pour les agents de la GRC, et sur l&#8217;augmentation des ressources, de l&#8217;\u00e9quipement, de la formation et du soutien \u00e0 nos membres qui ont \u00e9t\u00e9 sous-financ\u00e9s pendant bien trop longtemps. L&#8217;am\u00e9lioration des ressources et du soutien de la GRC renforcera la s\u00e9curit\u00e9 et la qualit\u00e9 de vie des communaut\u00e9s que nous servons, grandes et petites, dans tout le Canada.<\/p><p>Pour plus d&#8217;informations :\u00a0\u00a0<a href=\"http:\/\/npf-fpn.com\/fr\/\">https:\/\/npf-fpn.com\/<\/a>.<\/p><p><strong>Personne \u00e0 contacter pour les m\u00e9dias :<\/strong><br>Brian Sauv\u00e9<br>Pr\u00e9sident<br>F\u00e9d\u00e9ration de la police nationale<br><a href=\"mailto:bsauve@npf-fpn.com\">bsauve@npf-fpn.com<\/a><br>604-861-2684<\/p>","protected":false},"excerpt":{"rendered":"<p>La F\u00e9d\u00e9ration de la police nationale, qui repr\u00e9sente environ 20 000 membres de la GRC au Canada et \u00e0 l&#8217;\u00e9tranger, remercie et soutient ses membres qui appliquent les injonctions des tribunaux et les lois pertinentes du Canada en ce qui [&hellip;]<\/p>\n","protected":false},"featured_media":0,"template":"","news_type":[40],"audiences":[],"news_topics":[],"class_list":["post-634","news","type-news","status-publish","hentry","news_type-media-releases-fr"],"acf":[],"yoast_head":"<!-- This site is optimized with the Yoast SEO plugin v24.4 - https:\/\/yoast.com\/wordpress\/plugins\/seo\/ -->\n<title>Les FNP reconnaissent le professionnalisme et le d\u00e9vouement des membres de la GRC dans la r\u00e9ponse aux actions de protestation - NPF-FPN<\/title>\n<meta name=\"robots\" content=\"noindex, follow, max-snippet:-1, max-image-preview:large, max-video-preview:-1\" \/>\n<meta property=\"og:locale\" content=\"fr_FR\" \/>\n<meta property=\"og:type\" content=\"article\" \/>\n<meta property=\"og:title\" content=\"Les FNP reconnaissent le professionnalisme et le d\u00e9vouement des membres de la GRC dans la r\u00e9ponse aux actions de protestation - NPF-FPN\" \/>\n<meta property=\"og:description\" content=\"La F\u00e9d\u00e9ration de la police nationale, qui repr\u00e9sente environ 20 000 membres de la GRC au Canada et \u00e0 l&#8217;\u00e9tranger, remercie et soutient ses membres qui appliquent les injonctions des tribunaux et les lois pertinentes du Canada en ce qui [&hellip;]\" \/>\n<meta property=\"og:url\" content=\"https:\/\/npf-website-wordpress.ind.ninja\/fr\/news-item\/les-fnp-reconnaissent-le-professionnalisme-et-le-devouement-des-membres-de-la-grc-dans-la-reponse-aux-actions-de-protestation\/\" \/>\n<meta property=\"og:site_name\" content=\"NPF-FPN\" \/>\n<meta property=\"article:modified_time\" content=\"2021-05-13T12:43:28+00:00\" \/>\n<meta name=\"twitter:card\" content=\"summary_large_image\" \/>\n<meta name=\"twitter:label1\" content=\"Est. reading time\" \/>\n\t<meta name=\"twitter:data1\" content=\"2 minutes\" \/>\n<script type=\"application\/ld+json\" class=\"yoast-schema-graph\">{\"@context\":\"https:\/\/schema.org\",\"@graph\":[{\"@type\":\"WebPage\",\"@id\":\"https:\/\/npf-website-wordpress.ind.ninja\/fr\/news-item\/les-fnp-reconnaissent-le-professionnalisme-et-le-devouement-des-membres-de-la-grc-dans-la-reponse-aux-actions-de-protestation\/\",\"url\":\"https:\/\/npf-website-wordpress.ind.ninja\/fr\/news-item\/les-fnp-reconnaissent-le-professionnalisme-et-le-devouement-des-membres-de-la-grc-dans-la-reponse-aux-actions-de-protestation\/\",\"name\":\"Les FNP reconnaissent le professionnalisme et le d\u00e9vouement des membres de la GRC dans la r\u00e9ponse aux actions de protestation - NPF-FPN\",\"isPartOf\":{\"@id\":\"https:\/\/npf-website-wordpress.ind.ninja\/#website\"},\"datePublished\":\"2020-02-25T12:43:00+00:00\",\"dateModified\":\"2021-05-13T12:43:28+00:00\",\"breadcrumb\":{\"@id\":\"https:\/\/npf-website-wordpress.ind.ninja\/fr\/news-item\/les-fnp-reconnaissent-le-professionnalisme-et-le-devouement-des-membres-de-la-grc-dans-la-reponse-aux-actions-de-protestation\/#breadcrumb\"},\"inLanguage\":\"fr-FR\",\"potentialAction\":[{\"@type\":\"ReadAction\",\"target\":[\"https:\/\/npf-website-wordpress.ind.ninja\/fr\/news-item\/les-fnp-reconnaissent-le-professionnalisme-et-le-devouement-des-membres-de-la-grc-dans-la-reponse-aux-actions-de-protestation\/\"]}]},{\"@type\":\"BreadcrumbList\",\"@id\":\"https:\/\/npf-website-wordpress.ind.ninja\/fr\/news-item\/les-fnp-reconnaissent-le-professionnalisme-et-le-devouement-des-membres-de-la-grc-dans-la-reponse-aux-actions-de-protestation\/#breadcrumb\",\"itemListElement\":[{\"@type\":\"ListItem\",\"position\":1,\"name\":\"Home\",\"item\":\"https:\/\/npf-website-wordpress.ind.ninja\/fr\/\"},{\"@type\":\"ListItem\",\"position\":2,\"name\":\"Les FNP reconnaissent le professionnalisme et le d\u00e9vouement des membres de la GRC dans la r\u00e9ponse aux actions de protestation\"}]},{\"@type\":\"WebSite\",\"@id\":\"https:\/\/npf-website-wordpress.ind.ninja\/#website\",\"url\":\"https:\/\/npf-website-wordpress.ind.ninja\/\",\"name\":\"NPF-FPN\",\"description\":\"roviding strong, fair and progressive representation to almost 20,000 RCMP members across Canada.\",\"publisher\":{\"@id\":\"https:\/\/npf-website-wordpress.ind.ninja\/#organization\"},\"potentialAction\":[{\"@type\":\"SearchAction\",\"target\":{\"@type\":\"EntryPoint\",\"urlTemplate\":\"https:\/\/npf-website-wordpress.ind.ninja\/?s={search_term_string}\"},\"query-input\":{\"@type\":\"PropertyValueSpecification\",\"valueRequired\":true,\"valueName\":\"search_term_string\"}}],\"inLanguage\":\"fr-FR\"},{\"@type\":\"Organization\",\"@id\":\"https:\/\/npf-website-wordpress.ind.ninja\/#organization\",\"name\":\"NPF-FPN\",\"url\":\"https:\/\/npf-website-wordpress.ind.ninja\/\",\"logo\":{\"@type\":\"ImageObject\",\"inLanguage\":\"fr-FR\",\"@id\":\"https:\/\/npf-website-wordpress.ind.ninja\/#\/schema\/logo\/image\/\",\"url\":\"https:\/\/npf-fpn.com\/app\/uploads\/2022\/01\/NPF.jpg\",\"contentUrl\":\"https:\/\/npf-fpn.com\/app\/uploads\/2022\/01\/NPF.jpg\",\"width\":200,\"height\":200,\"caption\":\"NPF-FPN\"},\"image\":{\"@id\":\"https:\/\/npf-website-wordpress.ind.ninja\/#\/schema\/logo\/image\/\"}}]}<\/script>\n<!-- \/ Yoast SEO plugin. -->","yoast_head_json":{"title":"Les FNP reconnaissent le professionnalisme et le d\u00e9vouement des membres de la GRC dans la r\u00e9ponse aux actions de protestation - NPF-FPN","robots":{"index":"noindex","follow":"follow","max-snippet":"max-snippet:-1","max-image-preview":"max-image-preview:large","max-video-preview":"max-video-preview:-1"},"og_locale":"fr_FR","og_type":"article","og_title":"Les FNP reconnaissent le professionnalisme et le d\u00e9vouement des membres de la GRC dans la r\u00e9ponse aux actions de protestation - NPF-FPN","og_description":"La F\u00e9d\u00e9ration de la police nationale, qui repr\u00e9sente environ 20 000 membres de la GRC au Canada et \u00e0 l&#8217;\u00e9tranger, remercie et soutient ses membres qui appliquent les injonctions des tribunaux et les lois pertinentes du Canada en ce qui [&hellip;]","og_url":"https:\/\/npf-website-wordpress.ind.ninja\/fr\/news-item\/les-fnp-reconnaissent-le-professionnalisme-et-le-devouement-des-membres-de-la-grc-dans-la-reponse-aux-actions-de-protestation\/","og_site_name":"NPF-FPN","article_modified_time":"2021-05-13T12:43:28+00:00","twitter_card":"summary_large_image","twitter_misc":{"Est. reading time":"2 minutes"},"schema":{"@context":"https:\/\/schema.org","@graph":[{"@type":"WebPage","@id":"https:\/\/npf-website-wordpress.ind.ninja\/fr\/news-item\/les-fnp-reconnaissent-le-professionnalisme-et-le-devouement-des-membres-de-la-grc-dans-la-reponse-aux-actions-de-protestation\/","url":"https:\/\/npf-website-wordpress.ind.ninja\/fr\/news-item\/les-fnp-reconnaissent-le-professionnalisme-et-le-devouement-des-membres-de-la-grc-dans-la-reponse-aux-actions-de-protestation\/","name":"Les FNP reconnaissent le professionnalisme et le d\u00e9vouement des membres de la GRC dans la r\u00e9ponse aux actions de protestation - NPF-FPN","isPartOf":{"@id":"https:\/\/npf-website-wordpress.ind.ninja\/#website"},"datePublished":"2020-02-25T12:43:00+00:00","dateModified":"2021-05-13T12:43:28+00:00","breadcrumb":{"@id":"https:\/\/npf-website-wordpress.ind.ninja\/fr\/news-item\/les-fnp-reconnaissent-le-professionnalisme-et-le-devouement-des-membres-de-la-grc-dans-la-reponse-aux-actions-de-protestation\/#breadcrumb"},"inLanguage":"fr-FR","potentialAction":[{"@type":"ReadAction","target":["https:\/\/npf-website-wordpress.ind.ninja\/fr\/news-item\/les-fnp-reconnaissent-le-professionnalisme-et-le-devouement-des-membres-de-la-grc-dans-la-reponse-aux-actions-de-protestation\/"]}]},{"@type":"BreadcrumbList","@id":"https:\/\/npf-website-wordpress.ind.ninja\/fr\/news-item\/les-fnp-reconnaissent-le-professionnalisme-et-le-devouement-des-membres-de-la-grc-dans-la-reponse-aux-actions-de-protestation\/#breadcrumb","itemListElement":[{"@type":"ListItem","position":1,"name":"Home","item":"https:\/\/npf-website-wordpress.ind.ninja\/fr\/"},{"@type":"ListItem","position":2,"name":"Les FNP reconnaissent le professionnalisme et le d\u00e9vouement des membres de la GRC dans la r\u00e9ponse aux actions de protestation"}]},{"@type":"WebSite","@id":"https:\/\/npf-website-wordpress.ind.ninja\/#website","url":"https:\/\/npf-website-wordpress.ind.ninja\/","name":"NPF-FPN","description":"roviding strong, fair and progressive representation to almost 20,000 RCMP members across Canada.","publisher":{"@id":"https:\/\/npf-website-wordpress.ind.ninja\/#organization"},"potentialAction":[{"@type":"SearchAction","target":{"@type":"EntryPoint","urlTemplate":"https:\/\/npf-website-wordpress.ind.ninja\/?s={search_term_string}"},"query-input":{"@type":"PropertyValueSpecification","valueRequired":true,"valueName":"search_term_string"}}],"inLanguage":"fr-FR"},{"@type":"Organization","@id":"https:\/\/npf-website-wordpress.ind.ninja\/#organization","name":"NPF-FPN","url":"https:\/\/npf-website-wordpress.ind.ninja\/","logo":{"@type":"ImageObject","inLanguage":"fr-FR","@id":"https:\/\/npf-website-wordpress.ind.ninja\/#\/schema\/logo\/image\/","url":"https:\/\/npf-fpn.com\/app\/uploads\/2022\/01\/NPF.jpg","contentUrl":"https:\/\/npf-fpn.com\/app\/uploads\/2022\/01\/NPF.jpg","width":200,"height":200,"caption":"NPF-FPN"},"image":{"@id":"https:\/\/npf-website-wordpress.ind.ninja\/#\/schema\/logo\/image\/"}}]}},"_links":{"self":[{"href":"https:\/\/npf-website-wordpress.ind.ninja\/fr\/wp-json\/wp\/v2\/news\/634","targetHints":{"allow":["GET"]}}],"collection":[{"href":"https:\/\/npf-website-wordpress.ind.ninja\/fr\/wp-json\/wp\/v2\/news"}],"about":[{"href":"https:\/\/npf-website-wordpress.ind.ninja\/fr\/wp-json\/wp\/v2\/types\/news"}],"wp:attachment":[{"href":"https:\/\/npf-website-wordpress.ind.ninja\/fr\/wp-json\/wp\/v2\/media?parent=634"}],"wp:term":[{"taxonomy":"news_type","embeddable":true,"href":"https:\/\/npf-website-wordpress.ind.ninja\/fr\/wp-json\/wp\/v2\/news_type?post=634"},{"taxonomy":"audiences","embeddable":true,"href":"https:\/\/npf-website-wordpress.ind.ninja\/fr\/wp-json\/wp\/v2\/audiences?post=634"},{"taxonomy":"news_topics","embeddable":true,"href":"https:\/\/npf-website-wordpress.ind.ninja\/fr\/wp-json\/wp\/v2\/news_topics?post=634"}],"curies":[{"name":"wp","href":"https:\/\/api.w.org\/{rel}","templated":true}]}}