{"id":632,"date":"2020-03-10T12:32:00","date_gmt":"2020-03-10T12:32:00","guid":{"rendered":"http:\/\/npf-website-wordpress.ind.ninja\/?post_type=news&#038;p=632"},"modified":"2021-05-13T12:34:04","modified_gmt":"2021-05-13T12:34:04","slug":"le-syndicat-de-lagrc-reagit-a-lincident-de-whistler-et-lenquete","status":"publish","type":"news","link":"https:\/\/npf-website-wordpress.ind.ninja\/fr\/news-item\/le-syndicat-de-lagrc-reagit-a-lincident-de-whistler-et-lenquete\/","title":{"rendered":"Le syndicat de laGRC r\u00e9agit \u00e0 l\u2019incident de Whistler et l\u2019enqu\u00eate"},"content":{"rendered":"<h2 class=\"wp-block-heading\">D\u00e9claration de Brian Sauv\u00e9, Pr\u00e9sident :<\/h2><p>\u00ab&nbsp;La FPN a \u00e9t\u00e9 engag\u00e9e et sur le terrain, soutenant tous les membres impliqu\u00e9s dans l&#8217;incident d&#8217;usage de la force \u00e0 Whistler le 8 mars 2020.&nbsp; Nos pens\u00e9es vont aux personnes impliqu\u00e9es et \u00e0 leurs familles. Nos membres ont \u00e9t\u00e9 soign\u00e9s et lib\u00e9r\u00e9s avec des blessures mineures.<\/p><p>Les membres concern\u00e9s ont rencontr\u00e9 des enqu\u00eateurs du Independent Investigations Office de la Colombie-Britannique. La FPN se f\u00e9licite de l&#8217;enqu\u00eate sur ces \u00e9v\u00e9nements en particulier et reconna\u00eet l&#8217;importance de la surveillance civile&nbsp;\u00bb.<\/p><h2 class=\"wp-block-heading\">A propos de la F\u00e9d\u00e9ration nationale de la police :<\/h2><p>La F\u00e9d\u00e9ration de la police nationale (FPN) a \u00e9t\u00e9 accr\u00e9dit\u00e9e pour repr\u00e9senter environ 20 000 membres de la GRC en service au Canada et \u00e0 l&#8217;\u00e9tranger \u00e0 l&#8217;\u00e9t\u00e9 2019, et son conseil d&#8217;administration national \u00e9lu a \u00e9t\u00e9 confirm\u00e9 au d\u00e9but de 2020. La FPN est la plus grande organisation de relations de travail de la police au Canada et la deuxi\u00e8me plus grande en Am\u00e9rique du Nord. Elle est la premi\u00e8re association nationale ind\u00e9pendante \u00e0 repr\u00e9senter les membres de la GRC.<\/p><p>La FPN se concentrera sur l&#8217;am\u00e9lioration de la s\u00e9curit\u00e9 publique au Canada en n\u00e9gociant la toute premi\u00e8re convention collective pour les agents de la GRC, et sur l&#8217;augmentation des ressources, de l&#8217;\u00e9quipement, de la formation et du soutien \u00e0 nos membres qui ont \u00e9t\u00e9 sous-financ\u00e9s pendant bien trop longtemps. L&#8217;am\u00e9lioration des ressources et du soutien de la GRC renforcera la s\u00e9curit\u00e9 et la qualit\u00e9 de vie des communaut\u00e9s que nous servons, grandes et petites, partout au Canada.<\/p><p>Pour plus d&#8217;informations :&nbsp;<a href=\"http:\/\/npf-fpn.com\/fr\/\">https:\/\/npf-fpn.com\/<\/a>.<\/p><p><strong>Personne \u00e0 contacter pour les m\u00e9dias :<\/strong><br>Brian Sauv\u00e9<br>Pr\u00e9sident<br>F\u00e9d\u00e9ration de la police nationale<br><a href=\"mailto:bsauve@npf-fpn.com\">bsauve@npf-fpn.com<\/a><br>604-861-2684<\/p>","protected":false},"excerpt":{"rendered":"<p>D\u00e9claration de Brian Sauv\u00e9, Pr\u00e9sident : \u00ab&nbsp;La FPN a \u00e9t\u00e9 engag\u00e9e et sur le terrain, soutenant tous les membres impliqu\u00e9s dans l&#8217;incident d&#8217;usage de la force \u00e0 Whistler le 8 mars 2020.&nbsp; Nos pens\u00e9es vont aux personnes impliqu\u00e9es et \u00e0 [&hellip;]<\/p>\n","protected":false},"featured_media":0,"template":"","news_type":[40],"audiences":[],"news_topics":[],"class_list":["post-632","news","type-news","status-publish","hentry","news_type-media-releases-fr"],"acf":[],"yoast_head":"<!-- This site is optimized with the Yoast SEO plugin v24.4 - https:\/\/yoast.com\/wordpress\/plugins\/seo\/ -->\n<title>Le syndicat de laGRC r\u00e9agit \u00e0 l\u2019incident de Whistler et l\u2019enqu\u00eate - NPF-FPN<\/title>\n<meta name=\"robots\" content=\"noindex, follow, max-snippet:-1, max-image-preview:large, max-video-preview:-1\" \/>\n<meta property=\"og:locale\" content=\"fr_FR\" \/>\n<meta property=\"og:type\" content=\"article\" \/>\n<meta property=\"og:title\" content=\"Le syndicat de laGRC r\u00e9agit \u00e0 l\u2019incident de Whistler et l\u2019enqu\u00eate - NPF-FPN\" \/>\n<meta property=\"og:description\" content=\"D\u00e9claration de Brian Sauv\u00e9, Pr\u00e9sident : \u00ab&nbsp;La FPN a \u00e9t\u00e9 engag\u00e9e et sur le terrain, soutenant tous les membres impliqu\u00e9s dans l&#8217;incident d&#8217;usage de la force \u00e0 Whistler le 8 mars 2020.&nbsp; Nos pens\u00e9es vont aux personnes impliqu\u00e9es et \u00e0 [&hellip;]\" \/>\n<meta property=\"og:url\" content=\"https:\/\/npf-website-wordpress.ind.ninja\/fr\/news-item\/le-syndicat-de-lagrc-reagit-a-lincident-de-whistler-et-lenquete\/\" \/>\n<meta property=\"og:site_name\" content=\"NPF-FPN\" \/>\n<meta property=\"article:modified_time\" content=\"2021-05-13T12:34:04+00:00\" \/>\n<meta name=\"twitter:card\" content=\"summary_large_image\" \/>\n<meta name=\"twitter:label1\" content=\"Est. reading time\" \/>\n\t<meta name=\"twitter:data1\" content=\"2 minutes\" \/>\n<script type=\"application\/ld+json\" class=\"yoast-schema-graph\">{\"@context\":\"https:\/\/schema.org\",\"@graph\":[{\"@type\":\"WebPage\",\"@id\":\"https:\/\/npf-website-wordpress.ind.ninja\/fr\/news-item\/le-syndicat-de-lagrc-reagit-a-lincident-de-whistler-et-lenquete\/\",\"url\":\"https:\/\/npf-website-wordpress.ind.ninja\/fr\/news-item\/le-syndicat-de-lagrc-reagit-a-lincident-de-whistler-et-lenquete\/\",\"name\":\"Le syndicat de laGRC r\u00e9agit \u00e0 l\u2019incident de Whistler et l\u2019enqu\u00eate - NPF-FPN\",\"isPartOf\":{\"@id\":\"https:\/\/npf-website-wordpress.ind.ninja\/#website\"},\"datePublished\":\"2020-03-10T12:32:00+00:00\",\"dateModified\":\"2021-05-13T12:34:04+00:00\",\"breadcrumb\":{\"@id\":\"https:\/\/npf-website-wordpress.ind.ninja\/fr\/news-item\/le-syndicat-de-lagrc-reagit-a-lincident-de-whistler-et-lenquete\/#breadcrumb\"},\"inLanguage\":\"fr-FR\",\"potentialAction\":[{\"@type\":\"ReadAction\",\"target\":[\"https:\/\/npf-website-wordpress.ind.ninja\/fr\/news-item\/le-syndicat-de-lagrc-reagit-a-lincident-de-whistler-et-lenquete\/\"]}]},{\"@type\":\"BreadcrumbList\",\"@id\":\"https:\/\/npf-website-wordpress.ind.ninja\/fr\/news-item\/le-syndicat-de-lagrc-reagit-a-lincident-de-whistler-et-lenquete\/#breadcrumb\",\"itemListElement\":[{\"@type\":\"ListItem\",\"position\":1,\"name\":\"Home\",\"item\":\"https:\/\/npf-website-wordpress.ind.ninja\/fr\/\"},{\"@type\":\"ListItem\",\"position\":2,\"name\":\"Le syndicat de laGRC r\u00e9agit \u00e0 l\u2019incident de Whistler et l\u2019enqu\u00eate\"}]},{\"@type\":\"WebSite\",\"@id\":\"https:\/\/npf-website-wordpress.ind.ninja\/#website\",\"url\":\"https:\/\/npf-website-wordpress.ind.ninja\/\",\"name\":\"NPF-FPN\",\"description\":\"roviding strong, fair and progressive representation to almost 20,000 RCMP members across Canada.\",\"publisher\":{\"@id\":\"https:\/\/npf-website-wordpress.ind.ninja\/#organization\"},\"potentialAction\":[{\"@type\":\"SearchAction\",\"target\":{\"@type\":\"EntryPoint\",\"urlTemplate\":\"https:\/\/npf-website-wordpress.ind.ninja\/?s={search_term_string}\"},\"query-input\":{\"@type\":\"PropertyValueSpecification\",\"valueRequired\":true,\"valueName\":\"search_term_string\"}}],\"inLanguage\":\"fr-FR\"},{\"@type\":\"Organization\",\"@id\":\"https:\/\/npf-website-wordpress.ind.ninja\/#organization\",\"name\":\"NPF-FPN\",\"url\":\"https:\/\/npf-website-wordpress.ind.ninja\/\",\"logo\":{\"@type\":\"ImageObject\",\"inLanguage\":\"fr-FR\",\"@id\":\"https:\/\/npf-website-wordpress.ind.ninja\/#\/schema\/logo\/image\/\",\"url\":\"https:\/\/npf-fpn.com\/app\/uploads\/2022\/01\/NPF.jpg\",\"contentUrl\":\"https:\/\/npf-fpn.com\/app\/uploads\/2022\/01\/NPF.jpg\",\"width\":200,\"height\":200,\"caption\":\"NPF-FPN\"},\"image\":{\"@id\":\"https:\/\/npf-website-wordpress.ind.ninja\/#\/schema\/logo\/image\/\"}}]}<\/script>\n<!-- \/ Yoast SEO plugin. -->","yoast_head_json":{"title":"Le syndicat de laGRC r\u00e9agit \u00e0 l\u2019incident de Whistler et l\u2019enqu\u00eate - NPF-FPN","robots":{"index":"noindex","follow":"follow","max-snippet":"max-snippet:-1","max-image-preview":"max-image-preview:large","max-video-preview":"max-video-preview:-1"},"og_locale":"fr_FR","og_type":"article","og_title":"Le syndicat de laGRC r\u00e9agit \u00e0 l\u2019incident de Whistler et l\u2019enqu\u00eate - NPF-FPN","og_description":"D\u00e9claration de Brian Sauv\u00e9, Pr\u00e9sident : \u00ab&nbsp;La FPN a \u00e9t\u00e9 engag\u00e9e et sur le terrain, soutenant tous les membres impliqu\u00e9s dans l&#8217;incident d&#8217;usage de la force \u00e0 Whistler le 8 mars 2020.&nbsp; Nos pens\u00e9es vont aux personnes impliqu\u00e9es et \u00e0 [&hellip;]","og_url":"https:\/\/npf-website-wordpress.ind.ninja\/fr\/news-item\/le-syndicat-de-lagrc-reagit-a-lincident-de-whistler-et-lenquete\/","og_site_name":"NPF-FPN","article_modified_time":"2021-05-13T12:34:04+00:00","twitter_card":"summary_large_image","twitter_misc":{"Est. reading time":"2 minutes"},"schema":{"@context":"https:\/\/schema.org","@graph":[{"@type":"WebPage","@id":"https:\/\/npf-website-wordpress.ind.ninja\/fr\/news-item\/le-syndicat-de-lagrc-reagit-a-lincident-de-whistler-et-lenquete\/","url":"https:\/\/npf-website-wordpress.ind.ninja\/fr\/news-item\/le-syndicat-de-lagrc-reagit-a-lincident-de-whistler-et-lenquete\/","name":"Le syndicat de laGRC r\u00e9agit \u00e0 l\u2019incident de Whistler et l\u2019enqu\u00eate - NPF-FPN","isPartOf":{"@id":"https:\/\/npf-website-wordpress.ind.ninja\/#website"},"datePublished":"2020-03-10T12:32:00+00:00","dateModified":"2021-05-13T12:34:04+00:00","breadcrumb":{"@id":"https:\/\/npf-website-wordpress.ind.ninja\/fr\/news-item\/le-syndicat-de-lagrc-reagit-a-lincident-de-whistler-et-lenquete\/#breadcrumb"},"inLanguage":"fr-FR","potentialAction":[{"@type":"ReadAction","target":["https:\/\/npf-website-wordpress.ind.ninja\/fr\/news-item\/le-syndicat-de-lagrc-reagit-a-lincident-de-whistler-et-lenquete\/"]}]},{"@type":"BreadcrumbList","@id":"https:\/\/npf-website-wordpress.ind.ninja\/fr\/news-item\/le-syndicat-de-lagrc-reagit-a-lincident-de-whistler-et-lenquete\/#breadcrumb","itemListElement":[{"@type":"ListItem","position":1,"name":"Home","item":"https:\/\/npf-website-wordpress.ind.ninja\/fr\/"},{"@type":"ListItem","position":2,"name":"Le syndicat de laGRC r\u00e9agit \u00e0 l\u2019incident de Whistler et l\u2019enqu\u00eate"}]},{"@type":"WebSite","@id":"https:\/\/npf-website-wordpress.ind.ninja\/#website","url":"https:\/\/npf-website-wordpress.ind.ninja\/","name":"NPF-FPN","description":"roviding strong, fair and progressive representation to almost 20,000 RCMP members across Canada.","publisher":{"@id":"https:\/\/npf-website-wordpress.ind.ninja\/#organization"},"potentialAction":[{"@type":"SearchAction","target":{"@type":"EntryPoint","urlTemplate":"https:\/\/npf-website-wordpress.ind.ninja\/?s={search_term_string}"},"query-input":{"@type":"PropertyValueSpecification","valueRequired":true,"valueName":"search_term_string"}}],"inLanguage":"fr-FR"},{"@type":"Organization","@id":"https:\/\/npf-website-wordpress.ind.ninja\/#organization","name":"NPF-FPN","url":"https:\/\/npf-website-wordpress.ind.ninja\/","logo":{"@type":"ImageObject","inLanguage":"fr-FR","@id":"https:\/\/npf-website-wordpress.ind.ninja\/#\/schema\/logo\/image\/","url":"https:\/\/npf-fpn.com\/app\/uploads\/2022\/01\/NPF.jpg","contentUrl":"https:\/\/npf-fpn.com\/app\/uploads\/2022\/01\/NPF.jpg","width":200,"height":200,"caption":"NPF-FPN"},"image":{"@id":"https:\/\/npf-website-wordpress.ind.ninja\/#\/schema\/logo\/image\/"}}]}},"_links":{"self":[{"href":"https:\/\/npf-website-wordpress.ind.ninja\/fr\/wp-json\/wp\/v2\/news\/632","targetHints":{"allow":["GET"]}}],"collection":[{"href":"https:\/\/npf-website-wordpress.ind.ninja\/fr\/wp-json\/wp\/v2\/news"}],"about":[{"href":"https:\/\/npf-website-wordpress.ind.ninja\/fr\/wp-json\/wp\/v2\/types\/news"}],"wp:attachment":[{"href":"https:\/\/npf-website-wordpress.ind.ninja\/fr\/wp-json\/wp\/v2\/media?parent=632"}],"wp:term":[{"taxonomy":"news_type","embeddable":true,"href":"https:\/\/npf-website-wordpress.ind.ninja\/fr\/wp-json\/wp\/v2\/news_type?post=632"},{"taxonomy":"audiences","embeddable":true,"href":"https:\/\/npf-website-wordpress.ind.ninja\/fr\/wp-json\/wp\/v2\/audiences?post=632"},{"taxonomy":"news_topics","embeddable":true,"href":"https:\/\/npf-website-wordpress.ind.ninja\/fr\/wp-json\/wp\/v2\/news_topics?post=632"}],"curies":[{"name":"wp","href":"https:\/\/api.w.org\/{rel}","templated":true}]}}