{"id":549,"date":"2021-01-27T17:42:00","date_gmt":"2021-01-27T17:42:00","guid":{"rendered":"http:\/\/npf-website-wordpress.ind.ninja\/?post_type=news&#038;p=549"},"modified":"2021-05-12T17:44:13","modified_gmt":"2021-05-12T17:44:13","slug":"le-27-janvier-2021-le-soutien-en-sante-mentale-est-plus-que-jamais-essentiel","status":"publish","type":"news","link":"https:\/\/npf-website-wordpress.ind.ninja\/fr\/news-item\/le-27-janvier-2021-le-soutien-en-sante-mentale-est-plus-que-jamais-essentiel\/","title":{"rendered":"Le 27 janvier 2021 \u2013 Le soutien en sant\u00e9 mentale est plus que jamais essentiel"},"content":{"rendered":"<p>Ottawa (Ontario) \u2014 En pr\u00e9vision de la\u00a0<a href=\"https:\/\/cause.bell.ca\/fr\/nouvelles\/1257\/journee-bell-cause-pour-la-cause-2021-etre-present\" target=\"_blank\" rel=\"noreferrer noopener\">Journ\u00e9e Bell Cause pour la cause 2021<\/a>,\u00a0qui aura lieu demain, et dans le contexte d\u2019une ann\u00e9e particuli\u00e8rement difficile pour notre sant\u00e9 mentale individuelle et collective, la F\u00e9d\u00e9ration de la police nationale profite de l\u2019occasion pour rappeler \u00e0 ses membres et aux Canadiens en g\u00e9n\u00e9ral d\u2019aller chercher de l\u2019aide en mati\u00e8re de sant\u00e9 mentale et de mieux-\u00eatre en cas de besoin.<\/p><p>Partout au pays, malgr\u00e9 la pr\u00e9valence continue des mesures li\u00e9es \u00e0 la COVID-19, les membres de premi\u00e8re ligne de la GRC continuent de faire face \u00e0 des d\u00e9fis et \u00e0 des risques nouveaux et impr\u00e9vus. Des ann\u00e9es de compressions dans les services de premi\u00e8re ligne par les gouvernements de tous les ordres, de toutes les all\u00e9geances politiques et de toutes les administrations ont entra\u00een\u00e9 un manque de ressources dans les forces polici\u00e8res partout au Canada, alors que les agents sont confront\u00e9s \u00e0 la maladie et au risque d\u2019\u00eatre expos\u00e9s \u00e0 celle-ci et doivent se plier aux exigences d\u2019isolement et de mise en quarantaine. Les membres affect\u00e9s dans des r\u00e9gions \u00e9loign\u00e9es ont d\u00fb renoncer \u00e0 des cong\u00e9s et des transferts, ce qui les laisse dans une situation d\u2019isolement et sans v\u00e9ritable temps de repos pendant des p\u00e9riodes plus longues que pr\u00e9vu ou recommand\u00e9.<\/p><p>\u00ab \u00catre policier pendant une pand\u00e9mie mondiale signifie qu\u2019un travail d\u00e9j\u00e0 difficile est devenu encore plus exigeant dans les situations tr\u00e8s complexes. Les membres de la GRC de partout au pays sont souvent appel\u00e9s \u00e0 jouer des r\u00f4les qui vont bien au-del\u00e0 du mandat de maintien de l\u2019ordre, et cela a des r\u00e9percussions r\u00e9elles sur leur sant\u00e9 mentale \u00bb, a d\u00e9clar\u00e9 le Dr Nick Carleton, professeur de psychologie \u00e0 l\u2019Universit\u00e9 de Regina, un sp\u00e9cialiste renomm\u00e9 dans ce domaine d\u2019\u00e9tude. \u00ab La recherche montre que les niveaux actuels de stress et les expositions r\u00e9p\u00e9t\u00e9es \u00e0 des \u00e9v\u00e9nements potentiellement traumatisants sur le plan psychologique sont tout simplement insoutenables. Les agents de la GRC ont besoin des ressources et du soutien qui leur permettront d\u2019\u00eatre en bonne sant\u00e9 et de r\u00e9pondre pleinement aux besoins des autres \u00bb, a-t-il ajout\u00e9.<\/p><p>Pendant des ann\u00e9es, d\u2019importantes compressions et des gels salariaux, de m\u00eame qu\u2019une demande accrue pour les services, ont \u00e9rod\u00e9 les niveaux de dotation, le recrutement, la formation et d\u2019autres ressources et, surtout, le moral et le bien-\u00eatre des membres de la GRC.<\/p><p>\u00ab Jour apr\u00e8s jour, on s\u2019attend \u00e0 ce que nos membres fassent plus avec de moins en moins de ressources, et c\u2019est tout simplement insoutenable sur les plans physique, \u00e9motionnel et mental \u00bb, a d\u00e9clar\u00e9 Brian Sauv\u00e9, pr\u00e9sident de la F\u00e9d\u00e9ration de la police nationale. \u00ab S\u2019il y a une chose que nous avons apprise sur nous- m\u00eames au cours de la derni\u00e8re ann\u00e9e, c\u2019est que c\u2019est correct de ne pas bien aller; nous n\u2019avons pas \u00e0 souffrir en silence. C\u2019est pourquoi le soutien est essentiel et, dans certains cas, vital \u00bb, a-t-il ajout\u00e9.<\/p><p>Les probl\u00e8mes de sant\u00e9 mentale entra\u00eenent des difficult\u00e9s tant du point de vue public qu\u2019interne. En 2019, les membres de la GRC ont r\u00e9pondu \u00e0 151 024 appels du public relatifs \u00e0 la v\u00e9rification du bien-\u00eatre et \u00e0 la sant\u00e9 mentale. Ce nombre \u00e9tait en hausse de 6,75 % par rapport \u00e0 2018, o\u00f9 141 442 appels ont \u00e9t\u00e9 effectu\u00e9s.<\/p><p>Au sein de la GRC, sur la p\u00e9riode de cinq ans allant de 2014 \u00e0 2019, le nombre de membres qui demandent de l\u2019aide en sant\u00e9 mentale a augment\u00e9 de 69 %. Bien que ce nombre puisse sembler tr\u00e8s \u00e9lev\u00e9, cela montre que les membres vont chercher de l\u2019aide, ce qui est positif.<\/p><p>Une\u00a0<a href=\"https:\/\/www.cipsrt-icrtsp.ca\/fr\/publication\/symptomes-de-trouble-de-sante-mentale-chez-le-personnel-de-la-securite-publique\" target=\"_blank\" rel=\"noreferrer noopener\">\u00e9tude men\u00e9e en 2017<\/a>\u00a0aupr\u00e8s de plus de 5 800 membres du personnel de la s\u00e9curit\u00e9 publique au Canada (travailleurs correctionnels, communicateurs, pompiers, ambulanciers et policiers), les plus r\u00e9centes donn\u00e9es de ce genre disponibles au Canada, a r\u00e9v\u00e9l\u00e9 que les membres de la GRC sont plus susceptibles de signaler des sympt\u00f4mes courants indiquant un trouble de sant\u00e9 mentale que les policiers municipaux et provinciaux et la plupart des autres membres du personnel de la s\u00e9curit\u00e9 publique. L\u2019\u00e9tude a \u00e9galement r\u00e9v\u00e9l\u00e9 que :<\/p><ul class=\"wp-block-list\"><li>les femmes \u00e9taient plus susceptibles que les hommes de signaler un r\u00e9sultat positif au d\u00e9pistage;<\/li><li>les participants plus jeunes ou comptant moins d\u2019ann\u00e9es de service \u00e9taient moins susceptibles de signaler des sympt\u00f4mes;<\/li><li>les membres c\u00e9libataires, s\u00e9par\u00e9s\/divorc\u00e9s\/veufs \u00e9taient plus susceptibles de signaler des sympt\u00f4mes que les membres mari\u00e9s\/en union libre;<\/li><li>les membres de l\u2019Est canadien \u00e9taient moins susceptibles de signaler des sympt\u00f4mes que ceux de l\u2019Ouest canadien; et<\/li><li>les participants titulaires d\u2019un dipl\u00f4me universitaire \u00e9taient moins susceptibles de signaler des sympt\u00f4mes que les participants titulaires d\u2019un dipl\u00f4me d\u2019\u00e9tudes<\/li><\/ul><p>Une\u00a0<a href=\"https:\/\/www.cipsrt-icrtsp.ca\/fr\/research-summary\/relation-entre-les-problemes-de-sante-mentale-et-les-comportements-suicidaires\" target=\"_blank\" rel=\"noreferrer noopener\">\u00e9tude men\u00e9e en 2020<\/a>\u00a0a toutefois examin\u00e9 la relation entre les probl\u00e8mes de sant\u00e9 mentale et les comportements suicidaires parmi les agents de police et leurs coll\u00e8gues de la police civile. D\u2019apr\u00e8s les deux \u00e9tudes et selon des donn\u00e9es empiriques, nos membres de premi\u00e8re ligne portent manifestement toutes sortes de charges suppl\u00e9mentaires qui ont des r\u00e9percussions sur leur sant\u00e9 mentale, et il faut s\u2019attaquer \u00e0 ce probl\u00e8me.<\/p><p>Enfin, voici deux vid\u00e9os de gendarmes qui racontent leur exp\u00e9rience avec la TSPT : Le Gendarme Chad Gravelle:\u00a0<a href=\"https:\/\/youtu.be\/leR-WWG9Q0I\" target=\"_blank\" rel=\"noreferrer noopener\">https:\/\/youtu.be\/leR-WWG9Q0I<\/a><\/p><p>La Gendarme Nancy Saggar:\u00a0<a href=\"https:\/\/youtu.be\/IMvLhd5RwPc\" target=\"_blank\" rel=\"noreferrer noopener\">https:\/\/youtu.be\/IMvLhd5RwPc<\/a><\/p><h2 class=\"wp-block-heading\">\u00c0 propos de la F\u00e9d\u00e9ration de la police nationale<\/h2><p>La F\u00e9d\u00e9ration de la police nationale (FPN) a \u00e9t\u00e9 accr\u00e9dit\u00e9e \u00e0 l\u2019\u00e9t\u00e9 2019 pour repr\u00e9senter environ<\/p><p>20 000 membres de premi\u00e8re ligne de la Gendarmerie royale du Canada (GRC) en service au Canada et \u00e0 l\u2019\u00e9tranger. Les membres de son conseil national d\u2019administration ont \u00e9t\u00e9 d\u00e9sign\u00e9s au d\u00e9but de 2020. Il s\u2019agit du plus important organisme canadien de relations de travail dans la police et le deuxi\u00e8me en importance en Am\u00e9rique du Nord. La FPN constitue la premi\u00e8re association nationale ind\u00e9pendante \u00e0 repr\u00e9senter les membres de la GRC.<\/p><p>La FPN vise \u00e0 am\u00e9liorer la s\u00e9curit\u00e9 de la population canadienne en n\u00e9gociant sa premi\u00e8re convention collective pour les agents de la GRC ainsi qu\u2019\u00e0 accro\u00eetre les ressources, \u00e0 am\u00e9liorer le mat\u00e9riel et la formation et \u00e0 obtenir des mesures de soutien additionnelles pour nos membres qui sont sous-financ\u00e9s<\/p><p>depuis beaucoup trop longtemps. L\u2019augmentation des ressources et du financement de la GRC contribuera \u00e0 une plus grande s\u00e9curit\u00e9 et \u00e0 une meilleure qualit\u00e9 de vie des collectivit\u00e9s grandes ou petites que la GRC sert, partout au Canada.<\/p><p>Pour en savoir plus&nbsp;:&nbsp;<a href=\"http:\/\/npf-fpn.com\/fr\/\">https:\/\/npf-fpn.com\/fr\/accueil\/<\/a><\/p><p>Suivez-nous sur&nbsp;<a href=\"https:\/\/www.linkedin.com\/company\/nationalpolicefederation\" target=\"_blank\" rel=\"noreferrer noopener\">LinkedIn<\/a>,&nbsp;<a href=\"https:\/\/www.facebook.com\/nationalpolicefederation\/\" target=\"_blank\" rel=\"noreferrer noopener\">Facebook<\/a>,&nbsp;<a href=\"https:\/\/twitter.com\/NPFFPN1\" target=\"_blank\" rel=\"noreferrer noopener\">Twitter<\/a>&nbsp;et&nbsp;<a href=\"https:\/\/www.instagram.com\/npf_fpn\/\" target=\"_blank\" rel=\"noreferrer noopener\">Instagram<\/a>.<\/p><p><strong>Personne-ressource pour les m\u00e9dias&nbsp;:<\/strong><br>Fabrice&nbsp;de&nbsp;Dongo<br>Gestionnaire, Relations avec les m\u00e9dias<br><a href=\"mailto:fdedongo@npf-fpn.com\">fdedongo@npf-fpn.com<\/a><br>647-274-7118<\/p>","protected":false},"excerpt":{"rendered":"<p>Ottawa (Ontario) \u2014 En pr\u00e9vision de la\u00a0Journ\u00e9e Bell Cause pour la cause 2021,\u00a0qui aura lieu demain, et dans le contexte d\u2019une ann\u00e9e particuli\u00e8rement difficile pour notre sant\u00e9 mentale individuelle et collective, la F\u00e9d\u00e9ration de la police nationale profite de l\u2019occasion [&hellip;]<\/p>\n","protected":false},"featured_media":0,"template":"","news_type":[40],"audiences":[],"news_topics":[],"class_list":["post-549","news","type-news","status-publish","hentry","news_type-media-releases-fr"],"acf":[],"yoast_head":"<!-- This site is optimized with the Yoast SEO plugin v24.4 - https:\/\/yoast.com\/wordpress\/plugins\/seo\/ -->\n<title>Le 27 janvier 2021 \u2013 Le soutien en sant\u00e9 mentale est plus que jamais essentiel - NPF-FPN<\/title>\n<meta name=\"robots\" content=\"noindex, follow, max-snippet:-1, max-image-preview:large, max-video-preview:-1\" \/>\n<meta property=\"og:locale\" content=\"fr_FR\" \/>\n<meta property=\"og:type\" content=\"article\" \/>\n<meta property=\"og:title\" content=\"Le 27 janvier 2021 \u2013 Le soutien en sant\u00e9 mentale est plus que jamais essentiel - NPF-FPN\" \/>\n<meta property=\"og:description\" content=\"Ottawa (Ontario) \u2014 En pr\u00e9vision de la\u00a0Journ\u00e9e Bell Cause pour la cause 2021,\u00a0qui aura lieu demain, et dans le contexte d\u2019une ann\u00e9e particuli\u00e8rement difficile pour notre sant\u00e9 mentale individuelle et collective, la F\u00e9d\u00e9ration de la police nationale profite de l\u2019occasion [&hellip;]\" \/>\n<meta property=\"og:url\" content=\"https:\/\/npf-website-wordpress.ind.ninja\/fr\/news-item\/le-27-janvier-2021-le-soutien-en-sante-mentale-est-plus-que-jamais-essentiel\/\" \/>\n<meta property=\"og:site_name\" content=\"NPF-FPN\" \/>\n<meta property=\"article:modified_time\" content=\"2021-05-12T17:44:13+00:00\" \/>\n<meta name=\"twitter:card\" content=\"summary_large_image\" \/>\n<meta name=\"twitter:label1\" content=\"Est. reading time\" \/>\n\t<meta name=\"twitter:data1\" content=\"5 minutes\" \/>\n<script type=\"application\/ld+json\" class=\"yoast-schema-graph\">{\"@context\":\"https:\/\/schema.org\",\"@graph\":[{\"@type\":\"WebPage\",\"@id\":\"https:\/\/npf-website-wordpress.ind.ninja\/fr\/news-item\/le-27-janvier-2021-le-soutien-en-sante-mentale-est-plus-que-jamais-essentiel\/\",\"url\":\"https:\/\/npf-website-wordpress.ind.ninja\/fr\/news-item\/le-27-janvier-2021-le-soutien-en-sante-mentale-est-plus-que-jamais-essentiel\/\",\"name\":\"Le 27 janvier 2021 \u2013 Le soutien en sant\u00e9 mentale est plus que jamais essentiel - NPF-FPN\",\"isPartOf\":{\"@id\":\"https:\/\/npf-website-wordpress.ind.ninja\/#website\"},\"datePublished\":\"2021-01-27T17:42:00+00:00\",\"dateModified\":\"2021-05-12T17:44:13+00:00\",\"breadcrumb\":{\"@id\":\"https:\/\/npf-website-wordpress.ind.ninja\/fr\/news-item\/le-27-janvier-2021-le-soutien-en-sante-mentale-est-plus-que-jamais-essentiel\/#breadcrumb\"},\"inLanguage\":\"fr-FR\",\"potentialAction\":[{\"@type\":\"ReadAction\",\"target\":[\"https:\/\/npf-website-wordpress.ind.ninja\/fr\/news-item\/le-27-janvier-2021-le-soutien-en-sante-mentale-est-plus-que-jamais-essentiel\/\"]}]},{\"@type\":\"BreadcrumbList\",\"@id\":\"https:\/\/npf-website-wordpress.ind.ninja\/fr\/news-item\/le-27-janvier-2021-le-soutien-en-sante-mentale-est-plus-que-jamais-essentiel\/#breadcrumb\",\"itemListElement\":[{\"@type\":\"ListItem\",\"position\":1,\"name\":\"Home\",\"item\":\"https:\/\/npf-website-wordpress.ind.ninja\/fr\/\"},{\"@type\":\"ListItem\",\"position\":2,\"name\":\"Le 27 janvier 2021 \u2013 Le soutien en sant\u00e9 mentale est plus que jamais essentiel\"}]},{\"@type\":\"WebSite\",\"@id\":\"https:\/\/npf-website-wordpress.ind.ninja\/#website\",\"url\":\"https:\/\/npf-website-wordpress.ind.ninja\/\",\"name\":\"NPF-FPN\",\"description\":\"roviding strong, fair and progressive representation to almost 20,000 RCMP members across Canada.\",\"publisher\":{\"@id\":\"https:\/\/npf-website-wordpress.ind.ninja\/#organization\"},\"potentialAction\":[{\"@type\":\"SearchAction\",\"target\":{\"@type\":\"EntryPoint\",\"urlTemplate\":\"https:\/\/npf-website-wordpress.ind.ninja\/?s={search_term_string}\"},\"query-input\":{\"@type\":\"PropertyValueSpecification\",\"valueRequired\":true,\"valueName\":\"search_term_string\"}}],\"inLanguage\":\"fr-FR\"},{\"@type\":\"Organization\",\"@id\":\"https:\/\/npf-website-wordpress.ind.ninja\/#organization\",\"name\":\"NPF-FPN\",\"url\":\"https:\/\/npf-website-wordpress.ind.ninja\/\",\"logo\":{\"@type\":\"ImageObject\",\"inLanguage\":\"fr-FR\",\"@id\":\"https:\/\/npf-website-wordpress.ind.ninja\/#\/schema\/logo\/image\/\",\"url\":\"https:\/\/npf-fpn.com\/app\/uploads\/2022\/01\/NPF.jpg\",\"contentUrl\":\"https:\/\/npf-fpn.com\/app\/uploads\/2022\/01\/NPF.jpg\",\"width\":200,\"height\":200,\"caption\":\"NPF-FPN\"},\"image\":{\"@id\":\"https:\/\/npf-website-wordpress.ind.ninja\/#\/schema\/logo\/image\/\"}}]}<\/script>\n<!-- \/ Yoast SEO plugin. -->","yoast_head_json":{"title":"Le 27 janvier 2021 \u2013 Le soutien en sant\u00e9 mentale est plus que jamais essentiel - NPF-FPN","robots":{"index":"noindex","follow":"follow","max-snippet":"max-snippet:-1","max-image-preview":"max-image-preview:large","max-video-preview":"max-video-preview:-1"},"og_locale":"fr_FR","og_type":"article","og_title":"Le 27 janvier 2021 \u2013 Le soutien en sant\u00e9 mentale est plus que jamais essentiel - NPF-FPN","og_description":"Ottawa (Ontario) \u2014 En pr\u00e9vision de la\u00a0Journ\u00e9e Bell Cause pour la cause 2021,\u00a0qui aura lieu demain, et dans le contexte d\u2019une ann\u00e9e particuli\u00e8rement difficile pour notre sant\u00e9 mentale individuelle et collective, la F\u00e9d\u00e9ration de la police nationale profite de l\u2019occasion [&hellip;]","og_url":"https:\/\/npf-website-wordpress.ind.ninja\/fr\/news-item\/le-27-janvier-2021-le-soutien-en-sante-mentale-est-plus-que-jamais-essentiel\/","og_site_name":"NPF-FPN","article_modified_time":"2021-05-12T17:44:13+00:00","twitter_card":"summary_large_image","twitter_misc":{"Est. reading time":"5 minutes"},"schema":{"@context":"https:\/\/schema.org","@graph":[{"@type":"WebPage","@id":"https:\/\/npf-website-wordpress.ind.ninja\/fr\/news-item\/le-27-janvier-2021-le-soutien-en-sante-mentale-est-plus-que-jamais-essentiel\/","url":"https:\/\/npf-website-wordpress.ind.ninja\/fr\/news-item\/le-27-janvier-2021-le-soutien-en-sante-mentale-est-plus-que-jamais-essentiel\/","name":"Le 27 janvier 2021 \u2013 Le soutien en sant\u00e9 mentale est plus que jamais essentiel - NPF-FPN","isPartOf":{"@id":"https:\/\/npf-website-wordpress.ind.ninja\/#website"},"datePublished":"2021-01-27T17:42:00+00:00","dateModified":"2021-05-12T17:44:13+00:00","breadcrumb":{"@id":"https:\/\/npf-website-wordpress.ind.ninja\/fr\/news-item\/le-27-janvier-2021-le-soutien-en-sante-mentale-est-plus-que-jamais-essentiel\/#breadcrumb"},"inLanguage":"fr-FR","potentialAction":[{"@type":"ReadAction","target":["https:\/\/npf-website-wordpress.ind.ninja\/fr\/news-item\/le-27-janvier-2021-le-soutien-en-sante-mentale-est-plus-que-jamais-essentiel\/"]}]},{"@type":"BreadcrumbList","@id":"https:\/\/npf-website-wordpress.ind.ninja\/fr\/news-item\/le-27-janvier-2021-le-soutien-en-sante-mentale-est-plus-que-jamais-essentiel\/#breadcrumb","itemListElement":[{"@type":"ListItem","position":1,"name":"Home","item":"https:\/\/npf-website-wordpress.ind.ninja\/fr\/"},{"@type":"ListItem","position":2,"name":"Le 27 janvier 2021 \u2013 Le soutien en sant\u00e9 mentale est plus que jamais essentiel"}]},{"@type":"WebSite","@id":"https:\/\/npf-website-wordpress.ind.ninja\/#website","url":"https:\/\/npf-website-wordpress.ind.ninja\/","name":"NPF-FPN","description":"roviding strong, fair and progressive representation to almost 20,000 RCMP members across Canada.","publisher":{"@id":"https:\/\/npf-website-wordpress.ind.ninja\/#organization"},"potentialAction":[{"@type":"SearchAction","target":{"@type":"EntryPoint","urlTemplate":"https:\/\/npf-website-wordpress.ind.ninja\/?s={search_term_string}"},"query-input":{"@type":"PropertyValueSpecification","valueRequired":true,"valueName":"search_term_string"}}],"inLanguage":"fr-FR"},{"@type":"Organization","@id":"https:\/\/npf-website-wordpress.ind.ninja\/#organization","name":"NPF-FPN","url":"https:\/\/npf-website-wordpress.ind.ninja\/","logo":{"@type":"ImageObject","inLanguage":"fr-FR","@id":"https:\/\/npf-website-wordpress.ind.ninja\/#\/schema\/logo\/image\/","url":"https:\/\/npf-fpn.com\/app\/uploads\/2022\/01\/NPF.jpg","contentUrl":"https:\/\/npf-fpn.com\/app\/uploads\/2022\/01\/NPF.jpg","width":200,"height":200,"caption":"NPF-FPN"},"image":{"@id":"https:\/\/npf-website-wordpress.ind.ninja\/#\/schema\/logo\/image\/"}}]}},"_links":{"self":[{"href":"https:\/\/npf-website-wordpress.ind.ninja\/fr\/wp-json\/wp\/v2\/news\/549","targetHints":{"allow":["GET"]}}],"collection":[{"href":"https:\/\/npf-website-wordpress.ind.ninja\/fr\/wp-json\/wp\/v2\/news"}],"about":[{"href":"https:\/\/npf-website-wordpress.ind.ninja\/fr\/wp-json\/wp\/v2\/types\/news"}],"wp:attachment":[{"href":"https:\/\/npf-website-wordpress.ind.ninja\/fr\/wp-json\/wp\/v2\/media?parent=549"}],"wp:term":[{"taxonomy":"news_type","embeddable":true,"href":"https:\/\/npf-website-wordpress.ind.ninja\/fr\/wp-json\/wp\/v2\/news_type?post=549"},{"taxonomy":"audiences","embeddable":true,"href":"https:\/\/npf-website-wordpress.ind.ninja\/fr\/wp-json\/wp\/v2\/audiences?post=549"},{"taxonomy":"news_topics","embeddable":true,"href":"https:\/\/npf-website-wordpress.ind.ninja\/fr\/wp-json\/wp\/v2\/news_topics?post=549"}],"curies":[{"name":"wp","href":"https:\/\/api.w.org\/{rel}","templated":true}]}}