{"id":548,"date":"2021-01-28T17:39:00","date_gmt":"2021-01-28T17:39:00","guid":{"rendered":"http:\/\/npf-website-wordpress.ind.ninja\/?post_type=news&#038;p=548"},"modified":"2021-05-12T17:39:13","modified_gmt":"2021-05-12T17:39:13","slug":"le-28-janvier-2021-declaration-plainte-aupres-de-la-grc-a-la-ronge-en-saskatchewan","status":"publish","type":"news","link":"https:\/\/npf-website-wordpress.ind.ninja\/fr\/news-item\/le-28-janvier-2021-declaration-plainte-aupres-de-la-grc-a-la-ronge-en-saskatchewan\/","title":{"rendered":"Le 28 janvier 2021 \u2013 D\u00e9claration : Plainte aupr\u00e8s de la GRC \u00e0 La Ronge, en Saskatchewan"},"content":{"rendered":"<p><strong><em>Ottawa (Ontario)&nbsp;<\/em><\/strong><em>\u2014 Voici une d\u00e9claration de Brian Sauv\u00e9, pr\u00e9sident de la F\u00e9d\u00e9ration de la police nationale, au sujet de la plainte d\u00e9pos\u00e9e r\u00e9cemment \u00e0 La Ronge, en Saskatchewan.<\/em><\/p><p>\u00ab Nous avons suivi la situation qui s\u2019est r\u00e9cemment produite \u00e0 La Ronge, en Saskatchewan, concernant trois membres de premi\u00e8re ligne de la GRC et une jeune femme qui voulait obtenir des soins m\u00e9dicaux pour son jeune enfant.<\/p><p>Nous compatissons avec la m\u00e8re quant au stress qu\u2019elle a v\u00e9cu au moment de demander des soins m\u00e9dicaux pour son enfant. Nous appuyons \u00e9galement la tenue d\u2019enqu\u00eates approfondies, ouvertes, transparentes et rapides sur les plaintes.<\/p><p>Il est essentiel que les enqu\u00eates de ce genre se d\u00e9roulent sans que l\u2019on en pr\u00e9suppose le r\u00e9sultat et qu\u2019elles soient exemptes d\u2019influence indue ou inappropri\u00e9e de la part de parties externes.<\/p><p>Dans le cas pr\u00e9sent, la personne qui a d\u00e9pos\u00e9 la plainte fait elle-m\u00eame face \u00e0 des accusations criminelles li\u00e9es \u00e0 cet incident, notamment pour voies de fait, agression arm\u00e9e et r\u00e9sistance \u00e0 l\u2019arrestation, qu\u2019elle a publiquement reconnu avoir commises dans les m\u00e9dias. Les agents appel\u00e9s \u00e0 intervenir par le centre de sant\u00e9 avaient la responsabilit\u00e9 de prot\u00e9ger toutes les personnes pr\u00e9sentes sur les lieux, et nous avons confiance en leur professionnalisme \u00e0 cet \u00e9gard.<\/p><p>Enfin, nous appuierons nos membres et attendons avec impatience les r\u00e9sultats de l\u2019enqu\u00eate. \u00bb<\/p><h2 class=\"wp-block-heading\">\u00c0 propos de la F\u00e9d\u00e9ration de la police nationale<\/h2><p>La F\u00e9d\u00e9ration de la police nationale (FPN) a \u00e9t\u00e9 accr\u00e9dit\u00e9e en 2019 pour repr\u00e9senter environ<\/p><p>20 000 membres de premi\u00e8re ligne de la GRC en service au Canada et \u00e0 l\u2019\u00e9tranger. Il s\u2019agit du plus important organisme canadien de relations de travail dans la police et le deuxi\u00e8me en importance en Am\u00e9rique du Nord. La FPN constitue la premi\u00e8re association nationale ind\u00e9pendante \u00e0 repr\u00e9senter les membres de la GRC.<\/p><p>La FPN vise \u00e0 am\u00e9liorer la s\u00e9curit\u00e9 de la population canadienne en n\u00e9gociant sa premi\u00e8re convention collective pour les agents de la GRC ainsi qu\u2019\u00e0 accro\u00eetre les ressources, \u00e0 am\u00e9liorer le mat\u00e9riel et la formation et \u00e0 obtenir un financement additionnel pour nos membres qui ont \u00e9t\u00e9 victimes d\u2019un sous- financement depuis bien trop longtemps. L\u2019augmentation des ressources et du financement de la GRC contribuera \u00e0 une plus grande s\u00e9curit\u00e9 et \u00e0 une meilleure qualit\u00e9 de vie des collectivit\u00e9s grandes ou petites que la GRC sert, partout au Canada.<\/p><p>Pour en savoir plus\u00a0:\u00a0<a href=\"http:\/\/npf-fpn.com\/fr\/\">https:\/\/npf-fpn.com\/fr\/accueil\/<\/a><\/p><p>Suivez-nous sur\u00a0<a href=\"https:\/\/www.linkedin.com\/company\/nationalpolicefederation\" target=\"_blank\" rel=\"noreferrer noopener\">LinkedIn<\/a>,\u00a0<a href=\"https:\/\/www.facebook.com\/nationalpolicefederation\/\" target=\"_blank\" rel=\"noreferrer noopener\">Facebook<\/a>,\u00a0<a href=\"https:\/\/twitter.com\/NPFFPN1\" target=\"_blank\" rel=\"noreferrer noopener\">Twitter<\/a>\u00a0et\u00a0<a href=\"https:\/\/www.instagram.com\/npf_fpn\/\" target=\"_blank\" rel=\"noreferrer noopener\">Instagram<\/a>.<\/p><p><strong>Personne-ressource pour les m\u00e9dias\u00a0:<\/strong><br>Fabrice de Dongo<br>Manager, Media Relations<br><a href=\"mailto:fdedongo@npf-fpn.com\">fdedongo@npf-fpn.com<\/a><br>(647) 274-7118<\/p>","protected":false},"excerpt":{"rendered":"<p>Ottawa (Ontario)&nbsp;\u2014 Voici une d\u00e9claration de Brian Sauv\u00e9, pr\u00e9sident de la F\u00e9d\u00e9ration de la police nationale, au sujet de la plainte d\u00e9pos\u00e9e r\u00e9cemment \u00e0 La Ronge, en Saskatchewan. \u00ab Nous avons suivi la situation qui s\u2019est r\u00e9cemment produite \u00e0 La [&hellip;]<\/p>\n","protected":false},"featured_media":0,"template":"","news_type":[40],"audiences":[],"news_topics":[],"class_list":["post-548","news","type-news","status-publish","hentry","news_type-media-releases-fr"],"acf":[],"yoast_head":"<!-- This site is optimized with the Yoast SEO plugin v24.4 - https:\/\/yoast.com\/wordpress\/plugins\/seo\/ -->\n<title>Le 28 janvier 2021 \u2013 D\u00e9claration : Plainte aupr\u00e8s de la GRC \u00e0 La Ronge, en Saskatchewan - NPF-FPN<\/title>\n<meta name=\"robots\" content=\"noindex, follow, max-snippet:-1, max-image-preview:large, max-video-preview:-1\" \/>\n<meta property=\"og:locale\" content=\"fr_FR\" \/>\n<meta property=\"og:type\" content=\"article\" \/>\n<meta property=\"og:title\" content=\"Le 28 janvier 2021 \u2013 D\u00e9claration : Plainte aupr\u00e8s de la GRC \u00e0 La Ronge, en Saskatchewan - NPF-FPN\" \/>\n<meta property=\"og:description\" content=\"Ottawa (Ontario)&nbsp;\u2014 Voici une d\u00e9claration de Brian Sauv\u00e9, pr\u00e9sident de la F\u00e9d\u00e9ration de la police nationale, au sujet de la plainte d\u00e9pos\u00e9e r\u00e9cemment \u00e0 La Ronge, en Saskatchewan. \u00ab Nous avons suivi la situation qui s\u2019est r\u00e9cemment produite \u00e0 La [&hellip;]\" \/>\n<meta property=\"og:url\" content=\"https:\/\/npf-website-wordpress.ind.ninja\/fr\/news-item\/le-28-janvier-2021-declaration-plainte-aupres-de-la-grc-a-la-ronge-en-saskatchewan\/\" \/>\n<meta property=\"og:site_name\" content=\"NPF-FPN\" \/>\n<meta property=\"article:modified_time\" content=\"2021-05-12T17:39:13+00:00\" \/>\n<meta name=\"twitter:card\" content=\"summary_large_image\" \/>\n<meta name=\"twitter:label1\" content=\"Est. reading time\" \/>\n\t<meta name=\"twitter:data1\" content=\"2 minutes\" \/>\n<script type=\"application\/ld+json\" class=\"yoast-schema-graph\">{\"@context\":\"https:\/\/schema.org\",\"@graph\":[{\"@type\":\"WebPage\",\"@id\":\"https:\/\/npf-website-wordpress.ind.ninja\/fr\/news-item\/le-28-janvier-2021-declaration-plainte-aupres-de-la-grc-a-la-ronge-en-saskatchewan\/\",\"url\":\"https:\/\/npf-website-wordpress.ind.ninja\/fr\/news-item\/le-28-janvier-2021-declaration-plainte-aupres-de-la-grc-a-la-ronge-en-saskatchewan\/\",\"name\":\"Le 28 janvier 2021 \u2013 D\u00e9claration : Plainte aupr\u00e8s de la GRC \u00e0 La Ronge, en Saskatchewan - NPF-FPN\",\"isPartOf\":{\"@id\":\"https:\/\/npf-website-wordpress.ind.ninja\/#website\"},\"datePublished\":\"2021-01-28T17:39:00+00:00\",\"dateModified\":\"2021-05-12T17:39:13+00:00\",\"breadcrumb\":{\"@id\":\"https:\/\/npf-website-wordpress.ind.ninja\/fr\/news-item\/le-28-janvier-2021-declaration-plainte-aupres-de-la-grc-a-la-ronge-en-saskatchewan\/#breadcrumb\"},\"inLanguage\":\"fr-FR\",\"potentialAction\":[{\"@type\":\"ReadAction\",\"target\":[\"https:\/\/npf-website-wordpress.ind.ninja\/fr\/news-item\/le-28-janvier-2021-declaration-plainte-aupres-de-la-grc-a-la-ronge-en-saskatchewan\/\"]}]},{\"@type\":\"BreadcrumbList\",\"@id\":\"https:\/\/npf-website-wordpress.ind.ninja\/fr\/news-item\/le-28-janvier-2021-declaration-plainte-aupres-de-la-grc-a-la-ronge-en-saskatchewan\/#breadcrumb\",\"itemListElement\":[{\"@type\":\"ListItem\",\"position\":1,\"name\":\"Home\",\"item\":\"https:\/\/npf-website-wordpress.ind.ninja\/fr\/\"},{\"@type\":\"ListItem\",\"position\":2,\"name\":\"Le 28 janvier 2021 \u2013 D\u00e9claration : Plainte aupr\u00e8s de la GRC \u00e0 La Ronge, en Saskatchewan\"}]},{\"@type\":\"WebSite\",\"@id\":\"https:\/\/npf-website-wordpress.ind.ninja\/#website\",\"url\":\"https:\/\/npf-website-wordpress.ind.ninja\/\",\"name\":\"NPF-FPN\",\"description\":\"roviding strong, fair and progressive representation to almost 20,000 RCMP members across Canada.\",\"publisher\":{\"@id\":\"https:\/\/npf-website-wordpress.ind.ninja\/#organization\"},\"potentialAction\":[{\"@type\":\"SearchAction\",\"target\":{\"@type\":\"EntryPoint\",\"urlTemplate\":\"https:\/\/npf-website-wordpress.ind.ninja\/?s={search_term_string}\"},\"query-input\":{\"@type\":\"PropertyValueSpecification\",\"valueRequired\":true,\"valueName\":\"search_term_string\"}}],\"inLanguage\":\"fr-FR\"},{\"@type\":\"Organization\",\"@id\":\"https:\/\/npf-website-wordpress.ind.ninja\/#organization\",\"name\":\"NPF-FPN\",\"url\":\"https:\/\/npf-website-wordpress.ind.ninja\/\",\"logo\":{\"@type\":\"ImageObject\",\"inLanguage\":\"fr-FR\",\"@id\":\"https:\/\/npf-website-wordpress.ind.ninja\/#\/schema\/logo\/image\/\",\"url\":\"https:\/\/npf-fpn.com\/app\/uploads\/2022\/01\/NPF.jpg\",\"contentUrl\":\"https:\/\/npf-fpn.com\/app\/uploads\/2022\/01\/NPF.jpg\",\"width\":200,\"height\":200,\"caption\":\"NPF-FPN\"},\"image\":{\"@id\":\"https:\/\/npf-website-wordpress.ind.ninja\/#\/schema\/logo\/image\/\"}}]}<\/script>\n<!-- \/ Yoast SEO plugin. -->","yoast_head_json":{"title":"Le 28 janvier 2021 \u2013 D\u00e9claration : Plainte aupr\u00e8s de la GRC \u00e0 La Ronge, en Saskatchewan - NPF-FPN","robots":{"index":"noindex","follow":"follow","max-snippet":"max-snippet:-1","max-image-preview":"max-image-preview:large","max-video-preview":"max-video-preview:-1"},"og_locale":"fr_FR","og_type":"article","og_title":"Le 28 janvier 2021 \u2013 D\u00e9claration : Plainte aupr\u00e8s de la GRC \u00e0 La Ronge, en Saskatchewan - NPF-FPN","og_description":"Ottawa (Ontario)&nbsp;\u2014 Voici une d\u00e9claration de Brian Sauv\u00e9, pr\u00e9sident de la F\u00e9d\u00e9ration de la police nationale, au sujet de la plainte d\u00e9pos\u00e9e r\u00e9cemment \u00e0 La Ronge, en Saskatchewan. \u00ab Nous avons suivi la situation qui s\u2019est r\u00e9cemment produite \u00e0 La [&hellip;]","og_url":"https:\/\/npf-website-wordpress.ind.ninja\/fr\/news-item\/le-28-janvier-2021-declaration-plainte-aupres-de-la-grc-a-la-ronge-en-saskatchewan\/","og_site_name":"NPF-FPN","article_modified_time":"2021-05-12T17:39:13+00:00","twitter_card":"summary_large_image","twitter_misc":{"Est. reading time":"2 minutes"},"schema":{"@context":"https:\/\/schema.org","@graph":[{"@type":"WebPage","@id":"https:\/\/npf-website-wordpress.ind.ninja\/fr\/news-item\/le-28-janvier-2021-declaration-plainte-aupres-de-la-grc-a-la-ronge-en-saskatchewan\/","url":"https:\/\/npf-website-wordpress.ind.ninja\/fr\/news-item\/le-28-janvier-2021-declaration-plainte-aupres-de-la-grc-a-la-ronge-en-saskatchewan\/","name":"Le 28 janvier 2021 \u2013 D\u00e9claration : Plainte aupr\u00e8s de la GRC \u00e0 La Ronge, en Saskatchewan - NPF-FPN","isPartOf":{"@id":"https:\/\/npf-website-wordpress.ind.ninja\/#website"},"datePublished":"2021-01-28T17:39:00+00:00","dateModified":"2021-05-12T17:39:13+00:00","breadcrumb":{"@id":"https:\/\/npf-website-wordpress.ind.ninja\/fr\/news-item\/le-28-janvier-2021-declaration-plainte-aupres-de-la-grc-a-la-ronge-en-saskatchewan\/#breadcrumb"},"inLanguage":"fr-FR","potentialAction":[{"@type":"ReadAction","target":["https:\/\/npf-website-wordpress.ind.ninja\/fr\/news-item\/le-28-janvier-2021-declaration-plainte-aupres-de-la-grc-a-la-ronge-en-saskatchewan\/"]}]},{"@type":"BreadcrumbList","@id":"https:\/\/npf-website-wordpress.ind.ninja\/fr\/news-item\/le-28-janvier-2021-declaration-plainte-aupres-de-la-grc-a-la-ronge-en-saskatchewan\/#breadcrumb","itemListElement":[{"@type":"ListItem","position":1,"name":"Home","item":"https:\/\/npf-website-wordpress.ind.ninja\/fr\/"},{"@type":"ListItem","position":2,"name":"Le 28 janvier 2021 \u2013 D\u00e9claration : Plainte aupr\u00e8s de la GRC \u00e0 La Ronge, en Saskatchewan"}]},{"@type":"WebSite","@id":"https:\/\/npf-website-wordpress.ind.ninja\/#website","url":"https:\/\/npf-website-wordpress.ind.ninja\/","name":"NPF-FPN","description":"roviding strong, fair and progressive representation to almost 20,000 RCMP members across Canada.","publisher":{"@id":"https:\/\/npf-website-wordpress.ind.ninja\/#organization"},"potentialAction":[{"@type":"SearchAction","target":{"@type":"EntryPoint","urlTemplate":"https:\/\/npf-website-wordpress.ind.ninja\/?s={search_term_string}"},"query-input":{"@type":"PropertyValueSpecification","valueRequired":true,"valueName":"search_term_string"}}],"inLanguage":"fr-FR"},{"@type":"Organization","@id":"https:\/\/npf-website-wordpress.ind.ninja\/#organization","name":"NPF-FPN","url":"https:\/\/npf-website-wordpress.ind.ninja\/","logo":{"@type":"ImageObject","inLanguage":"fr-FR","@id":"https:\/\/npf-website-wordpress.ind.ninja\/#\/schema\/logo\/image\/","url":"https:\/\/npf-fpn.com\/app\/uploads\/2022\/01\/NPF.jpg","contentUrl":"https:\/\/npf-fpn.com\/app\/uploads\/2022\/01\/NPF.jpg","width":200,"height":200,"caption":"NPF-FPN"},"image":{"@id":"https:\/\/npf-website-wordpress.ind.ninja\/#\/schema\/logo\/image\/"}}]}},"_links":{"self":[{"href":"https:\/\/npf-website-wordpress.ind.ninja\/fr\/wp-json\/wp\/v2\/news\/548","targetHints":{"allow":["GET"]}}],"collection":[{"href":"https:\/\/npf-website-wordpress.ind.ninja\/fr\/wp-json\/wp\/v2\/news"}],"about":[{"href":"https:\/\/npf-website-wordpress.ind.ninja\/fr\/wp-json\/wp\/v2\/types\/news"}],"wp:attachment":[{"href":"https:\/\/npf-website-wordpress.ind.ninja\/fr\/wp-json\/wp\/v2\/media?parent=548"}],"wp:term":[{"taxonomy":"news_type","embeddable":true,"href":"https:\/\/npf-website-wordpress.ind.ninja\/fr\/wp-json\/wp\/v2\/news_type?post=548"},{"taxonomy":"audiences","embeddable":true,"href":"https:\/\/npf-website-wordpress.ind.ninja\/fr\/wp-json\/wp\/v2\/audiences?post=548"},{"taxonomy":"news_topics","embeddable":true,"href":"https:\/\/npf-website-wordpress.ind.ninja\/fr\/wp-json\/wp\/v2\/news_topics?post=548"}],"curies":[{"name":"wp","href":"https:\/\/api.w.org\/{rel}","templated":true}]}}