{"id":547,"date":"2021-02-17T17:33:00","date_gmt":"2021-02-17T17:33:00","guid":{"rendered":"http:\/\/npf-website-wordpress.ind.ninja\/?post_type=news&#038;p=547"},"modified":"2021-05-12T17:34:05","modified_gmt":"2021-05-12T17:34:05","slug":"le-17-fevrier-2021-declaration-rapport-du-comite-permanent-des-finances-de-la-chambre-des-communes-sur-les-consultations-pre-budgetaires-en-vue-du-budget-de-2021","status":"publish","type":"news","link":"https:\/\/npf-website-wordpress.ind.ninja\/fr\/news-item\/le-17-fevrier-2021-declaration-rapport-du-comite-permanent-des-finances-de-la-chambre-des-communes-sur-les-consultations-pre-budgetaires-en-vue-du-budget-de-2021\/","title":{"rendered":"Le 17 f\u00e9vrier 2021 \u2013 D\u00e9claration : Rapport du Comit\u00e9 permanent des finances de la Chambre des communes sur les consultations pr\u00e9 budg\u00e9taires en vue du budget de 2021"},"content":{"rendered":"<p><strong><em>Ottawa (Ontario)<\/em><\/strong><em>&nbsp;\u2014&nbsp;M.&nbsp;Brian&nbsp;Sauv\u00e9, pr\u00e9sident de la F\u00e9d\u00e9ration de la Police Nationale, a fait la d\u00e9claration suivante au sujet du rapport du Comit\u00e9 permanent des finances de la Chambre des communes sur les consultations pr\u00e9 budg\u00e9taires en vue du budget de&nbsp;2021.<\/em><\/p><p>\u00ab\u00a0La F\u00e9d\u00e9ration nationale des policiers (FPN) accueille favorablement les\u00a0<a href=\"https:\/\/www.ourcommons.ca\/Content\/Committee\/432\/FINA\/Reports\/RP11058298\/finarp01\/finarp01-f.pdf\" target=\"_blank\" rel=\"noreferrer noopener\">recommandations pr\u00e9 budg\u00e9taires de 2021 formul\u00e9es dans le rapport du Comit\u00e9 permanent des finances de la Chambre des communes<\/a>. Nous sommes toutefois surpris de constater qu\u2019une recommandation pr\u00e9 budg\u00e9taire pr\u00e9sent\u00e9e par la FPN en 2020 pour renforcer la capacit\u00e9 de recrutement et de formation de la GRC ne figure pas dans la liste des recommandations de cette ann\u00e9e.<\/p><p>Au cours de la derni\u00e8re ann\u00e9e, la FPN a continuellement demand\u00e9 aux parlementaires que le gouvernement effectue les investissements n\u00e9cessaires pour accro\u00eetre la capacit\u00e9 de recrutement et de formation \u00e0 l\u2019\u00c9cole de la GRC \u00e0 Regina, ou \u00ab&nbsp;Division D\u00e9p\u00f4t&nbsp;\u00bb, qui a \u00e9t\u00e9 consid\u00e9rablement limit\u00e9e en raison des r\u00e9percussions de la COVID\u201119. Cette situation a entra\u00een\u00e9 un arri\u00e9r\u00e9 critique qui perdurera pendant des ann\u00e9es si le gouvernement f\u00e9d\u00e9ral ne fait pas les investissements appropri\u00e9s le plus t\u00f4t possible. Le manque de nouvelles recrues impose un stress suppl\u00e9mentaire \u00e0 ceux qui travaillent actuellement. Ces personnes doivent assumer le fardeau d\u2019une charge de travail de plus en plus lourde et font face \u00e0 des niveaux croissants de stress et d\u2019\u00e9puisement professionnel. Le recrutement et la formation soutenus et continus sont essentiels \u00e0 la s\u00e9curit\u00e9 publique \u00e0 l\u2019\u00e9chelle nationale, et dans toutes les collectivit\u00e9s que nos membres servent.<\/p><p>Nous sommes heureux que le gouvernement ait annonc\u00e9 un nouveau financement pour la mise en \u0153uvre d\u2019un projet national de cam\u00e9ras corporelles dans l\u2019<a href=\"https:\/\/www.budget.gc.ca\/fes-eea\/2020\/home-accueil-fr.html\" target=\"_blank\" rel=\"noreferrer noopener\">\u00c9nonc\u00e9 \u00e9conomique de l\u2019automne 2020<\/a>. Toutefois, il faut encore des fonds et des ressources suppl\u00e9mentaires pour combler les lacunes en mati\u00e8re de ressources humaines, alors que le gouvernement f\u00e9d\u00e9ral continue d\u2019\u00e9largir les mandats des membres de la GRC.<\/p><p>La FPN encourage fortement le gouvernement f\u00e9d\u00e9ral \u00e0 investir dans nos deux autres recommandations pr\u00e9 budg\u00e9taires de 2021&nbsp;\u2013 accro\u00eetre la capacit\u00e9 de formation \u00e0 l\u2019\u00c9cole de la GRC et remplacer les vieux pistolets de service devenus dangereux&nbsp;\u2013 ce qui donnerait de meilleures ressources et des outils s\u00e9curitaires \u00e0 nos membres pour qu\u2019ils assurent la s\u00e9curit\u00e9 des Canadiens. La FPN continue de d\u00e9fendre les int\u00e9r\u00eats de ses membres et nous avons h\u00e2te de voir le gouvernement f\u00e9d\u00e9ral faire des investissements solides et essentiels pour eux.&nbsp;\u00bb<\/p><h2 class=\"wp-block-heading\">\u00c0 propos de la F\u00e9d\u00e9ration de la police nationale<\/h2><p>La F\u00e9d\u00e9ration de la police nationale (FPN) a \u00e9t\u00e9 accr\u00e9dit\u00e9e en 2019 pour repr\u00e9senter environ 20&nbsp;000&nbsp;membres de premi\u00e8re ligne de la GRC en service au Canada et \u00e0 l\u2019\u00e9tranger. Il s\u2019agit du plus important organisme canadien de relations de travail dans la police et le deuxi\u00e8me en importance en Am\u00e9rique du Nord. La FPN constitue la premi\u00e8re association nationale ind\u00e9pendante \u00e0 repr\u00e9senter les membres de la GRC.<\/p><p>La FPN vise \u00e0 am\u00e9liorer la s\u00e9curit\u00e9 de la population canadienne en s\u2019effor\u00e7ant d\u2019am\u00e9liorer le mat\u00e9riel et la formation et d\u2019obtenir des mesures de soutien additionnelles pour nos membres qui ont \u00e9t\u00e9 victimes d\u2019un sous-financement depuis bien trop longtemps. L\u2019augmentation des ressources et du financement de la GRC contribuera \u00e0 une plus grande s\u00e9curit\u00e9 et \u00e0 une meilleure qualit\u00e9 de vie des collectivit\u00e9s grandes ou petites que la GRC sert, partout au Canada.<\/p><p>Pour en savoir plus\u00a0:\u00a0<a href=\"http:\/\/npf-fpn.com\/fr\/\">https:\/\/npf-fpn.com\/fr\/accueil\/<\/a><\/p><p>Suivez-nous sur\u00a0<a href=\"https:\/\/www.linkedin.com\/company\/nationalpolicefederation\" target=\"_blank\" rel=\"noreferrer noopener\">LinkedIn<\/a>,\u00a0<a href=\"https:\/\/www.facebook.com\/nationalpolicefederation\/\" target=\"_blank\" rel=\"noreferrer noopener\">Facebook<\/a>,\u00a0<a href=\"https:\/\/twitter.com\/NPFFPN1\" target=\"_blank\" rel=\"noreferrer noopener\">Twitter<\/a>\u00a0et\u00a0<a href=\"https:\/\/www.instagram.com\/npf_fpn\/\" target=\"_blank\" rel=\"noreferrer noopener\">Instagram<\/a>.<\/p><p><strong>Personne-ressource pour les m\u00e9dias\u00a0:<\/strong><br>Fabrice\u00a0de\u00a0Dongo<br>Manager, Media Relations<br><a href=\"mailto:fdedongo@npf-fpn.com\">fdedongo@npf-fpn.com<\/a><br>(647) 274-7118<\/p>","protected":false},"excerpt":{"rendered":"<p>Ottawa (Ontario)&nbsp;\u2014&nbsp;M.&nbsp;Brian&nbsp;Sauv\u00e9, pr\u00e9sident de la F\u00e9d\u00e9ration de la Police Nationale, a fait la d\u00e9claration suivante au sujet du rapport du Comit\u00e9 permanent des finances de la Chambre des communes sur les consultations pr\u00e9 budg\u00e9taires en vue du budget de&nbsp;2021. \u00ab\u00a0La [&hellip;]<\/p>\n","protected":false},"featured_media":0,"template":"","news_type":[40],"audiences":[],"news_topics":[],"class_list":["post-547","news","type-news","status-publish","hentry","news_type-media-releases-fr"],"acf":[],"yoast_head":"<!-- This site is optimized with the Yoast SEO plugin v24.4 - https:\/\/yoast.com\/wordpress\/plugins\/seo\/ -->\n<title>Le 17 f\u00e9vrier 2021 \u2013 D\u00e9claration : Rapport du Comit\u00e9 permanent des finances de la Chambre des communes sur les consultations pr\u00e9 budg\u00e9taires en vue du budget de 2021 - NPF-FPN<\/title>\n<meta name=\"robots\" content=\"noindex, follow, max-snippet:-1, max-image-preview:large, max-video-preview:-1\" \/>\n<meta property=\"og:locale\" content=\"fr_FR\" \/>\n<meta property=\"og:type\" content=\"article\" \/>\n<meta property=\"og:title\" content=\"Le 17 f\u00e9vrier 2021 \u2013 D\u00e9claration : Rapport du Comit\u00e9 permanent des finances de la Chambre des communes sur les consultations pr\u00e9 budg\u00e9taires en vue du budget de 2021 - NPF-FPN\" \/>\n<meta property=\"og:description\" content=\"Ottawa (Ontario)&nbsp;\u2014&nbsp;M.&nbsp;Brian&nbsp;Sauv\u00e9, pr\u00e9sident de la F\u00e9d\u00e9ration de la Police Nationale, a fait la d\u00e9claration suivante au sujet du rapport du Comit\u00e9 permanent des finances de la Chambre des communes sur les consultations pr\u00e9 budg\u00e9taires en vue du budget de&nbsp;2021. \u00ab\u00a0La [&hellip;]\" \/>\n<meta property=\"og:url\" content=\"https:\/\/npf-website-wordpress.ind.ninja\/fr\/news-item\/le-17-fevrier-2021-declaration-rapport-du-comite-permanent-des-finances-de-la-chambre-des-communes-sur-les-consultations-pre-budgetaires-en-vue-du-budget-de-2021\/\" \/>\n<meta property=\"og:site_name\" content=\"NPF-FPN\" \/>\n<meta property=\"article:modified_time\" content=\"2021-05-12T17:34:05+00:00\" \/>\n<meta name=\"twitter:card\" content=\"summary_large_image\" \/>\n<meta name=\"twitter:label1\" content=\"Est. reading time\" \/>\n\t<meta name=\"twitter:data1\" content=\"3 minutes\" \/>\n<script type=\"application\/ld+json\" class=\"yoast-schema-graph\">{\"@context\":\"https:\/\/schema.org\",\"@graph\":[{\"@type\":\"WebPage\",\"@id\":\"https:\/\/npf-website-wordpress.ind.ninja\/fr\/news-item\/le-17-fevrier-2021-declaration-rapport-du-comite-permanent-des-finances-de-la-chambre-des-communes-sur-les-consultations-pre-budgetaires-en-vue-du-budget-de-2021\/\",\"url\":\"https:\/\/npf-website-wordpress.ind.ninja\/fr\/news-item\/le-17-fevrier-2021-declaration-rapport-du-comite-permanent-des-finances-de-la-chambre-des-communes-sur-les-consultations-pre-budgetaires-en-vue-du-budget-de-2021\/\",\"name\":\"Le 17 f\u00e9vrier 2021 \u2013 D\u00e9claration : Rapport du Comit\u00e9 permanent des finances de la Chambre des communes sur les consultations pr\u00e9 budg\u00e9taires en vue du budget de 2021 - NPF-FPN\",\"isPartOf\":{\"@id\":\"https:\/\/npf-website-wordpress.ind.ninja\/#website\"},\"datePublished\":\"2021-02-17T17:33:00+00:00\",\"dateModified\":\"2021-05-12T17:34:05+00:00\",\"breadcrumb\":{\"@id\":\"https:\/\/npf-website-wordpress.ind.ninja\/fr\/news-item\/le-17-fevrier-2021-declaration-rapport-du-comite-permanent-des-finances-de-la-chambre-des-communes-sur-les-consultations-pre-budgetaires-en-vue-du-budget-de-2021\/#breadcrumb\"},\"inLanguage\":\"fr-FR\",\"potentialAction\":[{\"@type\":\"ReadAction\",\"target\":[\"https:\/\/npf-website-wordpress.ind.ninja\/fr\/news-item\/le-17-fevrier-2021-declaration-rapport-du-comite-permanent-des-finances-de-la-chambre-des-communes-sur-les-consultations-pre-budgetaires-en-vue-du-budget-de-2021\/\"]}]},{\"@type\":\"BreadcrumbList\",\"@id\":\"https:\/\/npf-website-wordpress.ind.ninja\/fr\/news-item\/le-17-fevrier-2021-declaration-rapport-du-comite-permanent-des-finances-de-la-chambre-des-communes-sur-les-consultations-pre-budgetaires-en-vue-du-budget-de-2021\/#breadcrumb\",\"itemListElement\":[{\"@type\":\"ListItem\",\"position\":1,\"name\":\"Home\",\"item\":\"https:\/\/npf-website-wordpress.ind.ninja\/fr\/\"},{\"@type\":\"ListItem\",\"position\":2,\"name\":\"Le 17 f\u00e9vrier 2021 \u2013 D\u00e9claration : Rapport du Comit\u00e9 permanent des finances de la Chambre des communes sur les consultations pr\u00e9 budg\u00e9taires en vue du budget de 2021\"}]},{\"@type\":\"WebSite\",\"@id\":\"https:\/\/npf-website-wordpress.ind.ninja\/#website\",\"url\":\"https:\/\/npf-website-wordpress.ind.ninja\/\",\"name\":\"NPF-FPN\",\"description\":\"roviding strong, fair and progressive representation to almost 20,000 RCMP members across Canada.\",\"publisher\":{\"@id\":\"https:\/\/npf-website-wordpress.ind.ninja\/#organization\"},\"potentialAction\":[{\"@type\":\"SearchAction\",\"target\":{\"@type\":\"EntryPoint\",\"urlTemplate\":\"https:\/\/npf-website-wordpress.ind.ninja\/?s={search_term_string}\"},\"query-input\":{\"@type\":\"PropertyValueSpecification\",\"valueRequired\":true,\"valueName\":\"search_term_string\"}}],\"inLanguage\":\"fr-FR\"},{\"@type\":\"Organization\",\"@id\":\"https:\/\/npf-website-wordpress.ind.ninja\/#organization\",\"name\":\"NPF-FPN\",\"url\":\"https:\/\/npf-website-wordpress.ind.ninja\/\",\"logo\":{\"@type\":\"ImageObject\",\"inLanguage\":\"fr-FR\",\"@id\":\"https:\/\/npf-website-wordpress.ind.ninja\/#\/schema\/logo\/image\/\",\"url\":\"https:\/\/npf-fpn.com\/app\/uploads\/2022\/01\/NPF.jpg\",\"contentUrl\":\"https:\/\/npf-fpn.com\/app\/uploads\/2022\/01\/NPF.jpg\",\"width\":200,\"height\":200,\"caption\":\"NPF-FPN\"},\"image\":{\"@id\":\"https:\/\/npf-website-wordpress.ind.ninja\/#\/schema\/logo\/image\/\"}}]}<\/script>\n<!-- \/ Yoast SEO plugin. -->","yoast_head_json":{"title":"Le 17 f\u00e9vrier 2021 \u2013 D\u00e9claration : Rapport du Comit\u00e9 permanent des finances de la Chambre des communes sur les consultations pr\u00e9 budg\u00e9taires en vue du budget de 2021 - NPF-FPN","robots":{"index":"noindex","follow":"follow","max-snippet":"max-snippet:-1","max-image-preview":"max-image-preview:large","max-video-preview":"max-video-preview:-1"},"og_locale":"fr_FR","og_type":"article","og_title":"Le 17 f\u00e9vrier 2021 \u2013 D\u00e9claration : Rapport du Comit\u00e9 permanent des finances de la Chambre des communes sur les consultations pr\u00e9 budg\u00e9taires en vue du budget de 2021 - NPF-FPN","og_description":"Ottawa (Ontario)&nbsp;\u2014&nbsp;M.&nbsp;Brian&nbsp;Sauv\u00e9, pr\u00e9sident de la F\u00e9d\u00e9ration de la Police Nationale, a fait la d\u00e9claration suivante au sujet du rapport du Comit\u00e9 permanent des finances de la Chambre des communes sur les consultations pr\u00e9 budg\u00e9taires en vue du budget de&nbsp;2021. \u00ab\u00a0La [&hellip;]","og_url":"https:\/\/npf-website-wordpress.ind.ninja\/fr\/news-item\/le-17-fevrier-2021-declaration-rapport-du-comite-permanent-des-finances-de-la-chambre-des-communes-sur-les-consultations-pre-budgetaires-en-vue-du-budget-de-2021\/","og_site_name":"NPF-FPN","article_modified_time":"2021-05-12T17:34:05+00:00","twitter_card":"summary_large_image","twitter_misc":{"Est. reading time":"3 minutes"},"schema":{"@context":"https:\/\/schema.org","@graph":[{"@type":"WebPage","@id":"https:\/\/npf-website-wordpress.ind.ninja\/fr\/news-item\/le-17-fevrier-2021-declaration-rapport-du-comite-permanent-des-finances-de-la-chambre-des-communes-sur-les-consultations-pre-budgetaires-en-vue-du-budget-de-2021\/","url":"https:\/\/npf-website-wordpress.ind.ninja\/fr\/news-item\/le-17-fevrier-2021-declaration-rapport-du-comite-permanent-des-finances-de-la-chambre-des-communes-sur-les-consultations-pre-budgetaires-en-vue-du-budget-de-2021\/","name":"Le 17 f\u00e9vrier 2021 \u2013 D\u00e9claration : Rapport du Comit\u00e9 permanent des finances de la Chambre des communes sur les consultations pr\u00e9 budg\u00e9taires en vue du budget de 2021 - NPF-FPN","isPartOf":{"@id":"https:\/\/npf-website-wordpress.ind.ninja\/#website"},"datePublished":"2021-02-17T17:33:00+00:00","dateModified":"2021-05-12T17:34:05+00:00","breadcrumb":{"@id":"https:\/\/npf-website-wordpress.ind.ninja\/fr\/news-item\/le-17-fevrier-2021-declaration-rapport-du-comite-permanent-des-finances-de-la-chambre-des-communes-sur-les-consultations-pre-budgetaires-en-vue-du-budget-de-2021\/#breadcrumb"},"inLanguage":"fr-FR","potentialAction":[{"@type":"ReadAction","target":["https:\/\/npf-website-wordpress.ind.ninja\/fr\/news-item\/le-17-fevrier-2021-declaration-rapport-du-comite-permanent-des-finances-de-la-chambre-des-communes-sur-les-consultations-pre-budgetaires-en-vue-du-budget-de-2021\/"]}]},{"@type":"BreadcrumbList","@id":"https:\/\/npf-website-wordpress.ind.ninja\/fr\/news-item\/le-17-fevrier-2021-declaration-rapport-du-comite-permanent-des-finances-de-la-chambre-des-communes-sur-les-consultations-pre-budgetaires-en-vue-du-budget-de-2021\/#breadcrumb","itemListElement":[{"@type":"ListItem","position":1,"name":"Home","item":"https:\/\/npf-website-wordpress.ind.ninja\/fr\/"},{"@type":"ListItem","position":2,"name":"Le 17 f\u00e9vrier 2021 \u2013 D\u00e9claration : Rapport du Comit\u00e9 permanent des finances de la Chambre des communes sur les consultations pr\u00e9 budg\u00e9taires en vue du budget de 2021"}]},{"@type":"WebSite","@id":"https:\/\/npf-website-wordpress.ind.ninja\/#website","url":"https:\/\/npf-website-wordpress.ind.ninja\/","name":"NPF-FPN","description":"roviding strong, fair and progressive representation to almost 20,000 RCMP members across Canada.","publisher":{"@id":"https:\/\/npf-website-wordpress.ind.ninja\/#organization"},"potentialAction":[{"@type":"SearchAction","target":{"@type":"EntryPoint","urlTemplate":"https:\/\/npf-website-wordpress.ind.ninja\/?s={search_term_string}"},"query-input":{"@type":"PropertyValueSpecification","valueRequired":true,"valueName":"search_term_string"}}],"inLanguage":"fr-FR"},{"@type":"Organization","@id":"https:\/\/npf-website-wordpress.ind.ninja\/#organization","name":"NPF-FPN","url":"https:\/\/npf-website-wordpress.ind.ninja\/","logo":{"@type":"ImageObject","inLanguage":"fr-FR","@id":"https:\/\/npf-website-wordpress.ind.ninja\/#\/schema\/logo\/image\/","url":"https:\/\/npf-fpn.com\/app\/uploads\/2022\/01\/NPF.jpg","contentUrl":"https:\/\/npf-fpn.com\/app\/uploads\/2022\/01\/NPF.jpg","width":200,"height":200,"caption":"NPF-FPN"},"image":{"@id":"https:\/\/npf-website-wordpress.ind.ninja\/#\/schema\/logo\/image\/"}}]}},"_links":{"self":[{"href":"https:\/\/npf-website-wordpress.ind.ninja\/fr\/wp-json\/wp\/v2\/news\/547","targetHints":{"allow":["GET"]}}],"collection":[{"href":"https:\/\/npf-website-wordpress.ind.ninja\/fr\/wp-json\/wp\/v2\/news"}],"about":[{"href":"https:\/\/npf-website-wordpress.ind.ninja\/fr\/wp-json\/wp\/v2\/types\/news"}],"wp:attachment":[{"href":"https:\/\/npf-website-wordpress.ind.ninja\/fr\/wp-json\/wp\/v2\/media?parent=547"}],"wp:term":[{"taxonomy":"news_type","embeddable":true,"href":"https:\/\/npf-website-wordpress.ind.ninja\/fr\/wp-json\/wp\/v2\/news_type?post=547"},{"taxonomy":"audiences","embeddable":true,"href":"https:\/\/npf-website-wordpress.ind.ninja\/fr\/wp-json\/wp\/v2\/audiences?post=547"},{"taxonomy":"news_topics","embeddable":true,"href":"https:\/\/npf-website-wordpress.ind.ninja\/fr\/wp-json\/wp\/v2\/news_topics?post=547"}],"curies":[{"name":"wp","href":"https:\/\/api.w.org\/{rel}","templated":true}]}}