{"id":544,"date":"2021-02-18T17:29:00","date_gmt":"2021-02-18T17:29:00","guid":{"rendered":"http:\/\/npf-website-wordpress.ind.ninja\/?post_type=news&#038;p=544"},"modified":"2021-05-12T17:30:00","modified_gmt":"2021-05-12T17:30:00","slug":"le-18-fevrier-2021-declaration-projet-de-loi-bill-c-21","status":"publish","type":"news","link":"https:\/\/npf-website-wordpress.ind.ninja\/fr\/news-item\/le-18-fevrier-2021-declaration-projet-de-loi-bill-c-21\/","title":{"rendered":"Le 18 f\u00e9vrier 2021 \u2013 D\u00e9claration : Projet de loi Bill C-21"},"content":{"rendered":"<p><strong><em>Ottawa (Ontario)<\/em><\/strong><em>&nbsp;\u2014 M.&nbsp;Brian&nbsp;Sauv\u00e9, pr\u00e9sident de la F\u00e9d\u00e9ration de la police nationale, a fait la d\u00e9claration suivante au sujet du d\u00e9p\u00f4t du projet de loi&nbsp;C-21&nbsp;: Loi modifiant certaines lois et d\u2019autres textes en cons\u00e9quence (armes \u00e0 feu).<\/em><\/p><p>\u00ab\u00a0Avant hier, le gouvernement f\u00e9d\u00e9ral a pr\u00e9sent\u00e9 le\u00a0<a href=\"https:\/\/www.securitepublique.gc.ca\/cnt\/cntrng-crm\/frrms\/c21-fr.aspx\" target=\"_blank\" rel=\"noreferrer noopener\">projet de loi\u00a0C-21<\/a>, ax\u00e9 sur la lutte contre les crimes commis \u00e0 l\u2019aide d\u2019une arme \u00e0 feu. En novembre\u00a02020, la F\u00e9d\u00e9ration de la police nationale a publi\u00e9 un\u00a0<a href=\"http:\/\/npf-fpn.com\/app\/uploads\/2021\/05\/La-violence-liee-aux-armes-a-feu-et-la-securite-publique-au-Canada_EP_November-2020.pdf\" target=\"_blank\" rel=\"noreferrer noopener\">\u00e9nonc\u00e9 de position sur l\u2019\u00e9tat actuel de la violence li\u00e9e aux armes \u00e0 feu au Canada<\/a>. Elle veut ainsi exhorter le gouvernement f\u00e9d\u00e9ral \u00e0 s\u2019attaquer concr\u00e8tement \u00e0 la violence arm\u00e9e, au moyen de meilleures mesures l\u00e9gislatives, d\u2019un financement accru et de solutions fond\u00e9es sur des donn\u00e9es probantes.<\/p><p>La F\u00e9d\u00e9ration de la police nationale continuera d\u2019examiner en d\u00e9tail le projet de loi&nbsp;C-21 et ce qu\u2019il signifie en pratique pour nos membres. Nous nous r\u00e9jouissons \u00e0 la perspective de poursuivre le dialogue avec les parlementaires et les fonctionnaires afin de pr\u00e9coniser la meilleure loi possible tant pour la s\u00e9curit\u00e9 publique au pays que pour nos membres.<\/p><p>Enfin, nous serons heureux de participer \u00e0 l\u2019\u00e9tape de l\u2019examen en comit\u00e9 du projet de loi, en apportant notre expertise pouss\u00e9e en la mati\u00e8re.\u00a0\u00bb<\/p><h2 class=\"wp-block-heading\">\u00c0 propos de la F\u00e9d\u00e9ration de la police nationale<\/h2><p>La F\u00e9d\u00e9ration de la police nationale (FPN) a \u00e9t\u00e9 accr\u00e9dit\u00e9e \u00e0 l\u2019\u00e9t\u00e9&nbsp;2019 pour repr\u00e9senter environ 20&nbsp;000&nbsp;membres de premi\u00e8re ligne de la Gendarmerie royale du Canada (GRC) en service au Canada et \u00e0 l\u2019\u00e9tranger. Les membres de son conseil national d\u2019administration ont \u00e9t\u00e9 d\u00e9sign\u00e9s au d\u00e9but de 2020. Il s\u2019agit du plus important organisme canadien de relations de travail dans la police et le deuxi\u00e8me en importance en Am\u00e9rique du Nord. La FPN constitue la premi\u00e8re association nationale ind\u00e9pendante \u00e0 repr\u00e9senter les membres de la GRC.<\/p><p>La FPN vise \u00e0 am\u00e9liorer la s\u00e9curit\u00e9 de la population canadienne en n\u00e9gociant sa premi\u00e8re convention collective pour les agents de la GRC ainsi qu\u2019\u00e0 accro\u00eetre les ressources, \u00e0 am\u00e9liorer le mat\u00e9riel et la formation et \u00e0 obtenir des mesures de soutien additionnelles pour nos membres, qui composent avec un sous-financement depuis bien trop longtemps. L\u2019augmentation des ressources et du financement de la GRC contribuera \u00e0 une plus grande s\u00e9curit\u00e9 et \u00e0 une meilleure qualit\u00e9 de vie des collectivit\u00e9s grandes ou petites que la GRC sert, partout au Canada.<\/p><p>Pour en savoir plus\u00a0:\u00a0<a href=\"http:\/\/npf-fpn.com\/fr\/\">https:\/\/npf-fpn.com\/fr\/accueil\/<\/a><\/p><p>Suivez-nous sur\u00a0<a href=\"https:\/\/www.linkedin.com\/company\/nationalpolicefederation\" target=\"_blank\" rel=\"noreferrer noopener\">LinkedIn<\/a>,\u00a0<a href=\"https:\/\/www.facebook.com\/nationalpolicefederation\/\" target=\"_blank\" rel=\"noreferrer noopener\">Facebook<\/a>,\u00a0<a href=\"https:\/\/twitter.com\/NPFFPN1\" target=\"_blank\" rel=\"noreferrer noopener\">Twitter<\/a>\u00a0et\u00a0<a href=\"https:\/\/www.instagram.com\/npf_fpn\/\" target=\"_blank\" rel=\"noreferrer noopener\">Instagram<\/a>.<\/p><p><strong>Personne-ressource pour les m\u00e9dias\u00a0:<\/strong><br>Manager, Media Relations<br><a href=\"mailto:fdedongo@npf-fpn.com\">fdedongo@npf-fpn.com<\/a><br>(647) 274-7118<\/p>","protected":false},"excerpt":{"rendered":"<p>Ottawa (Ontario)&nbsp;\u2014 M.&nbsp;Brian&nbsp;Sauv\u00e9, pr\u00e9sident de la F\u00e9d\u00e9ration de la police nationale, a fait la d\u00e9claration suivante au sujet du d\u00e9p\u00f4t du projet de loi&nbsp;C-21&nbsp;: Loi modifiant certaines lois et d\u2019autres textes en cons\u00e9quence (armes \u00e0 feu). \u00ab\u00a0Avant hier, le gouvernement [&hellip;]<\/p>\n","protected":false},"featured_media":0,"template":"","news_type":[40],"audiences":[],"news_topics":[],"class_list":["post-544","news","type-news","status-publish","hentry","news_type-media-releases-fr"],"acf":[],"yoast_head":"<!-- This site is optimized with the Yoast SEO plugin v24.4 - https:\/\/yoast.com\/wordpress\/plugins\/seo\/ -->\n<title>Le 18 f\u00e9vrier 2021 \u2013 D\u00e9claration : Projet de loi Bill C-21 - NPF-FPN<\/title>\n<meta name=\"robots\" content=\"noindex, follow, max-snippet:-1, max-image-preview:large, max-video-preview:-1\" \/>\n<meta property=\"og:locale\" content=\"fr_FR\" \/>\n<meta property=\"og:type\" content=\"article\" \/>\n<meta property=\"og:title\" content=\"Le 18 f\u00e9vrier 2021 \u2013 D\u00e9claration : Projet de loi Bill C-21 - NPF-FPN\" \/>\n<meta property=\"og:description\" content=\"Ottawa (Ontario)&nbsp;\u2014 M.&nbsp;Brian&nbsp;Sauv\u00e9, pr\u00e9sident de la F\u00e9d\u00e9ration de la police nationale, a fait la d\u00e9claration suivante au sujet du d\u00e9p\u00f4t du projet de loi&nbsp;C-21&nbsp;: Loi modifiant certaines lois et d\u2019autres textes en cons\u00e9quence (armes \u00e0 feu). \u00ab\u00a0Avant hier, le gouvernement [&hellip;]\" \/>\n<meta property=\"og:url\" content=\"https:\/\/npf-website-wordpress.ind.ninja\/fr\/news-item\/le-18-fevrier-2021-declaration-projet-de-loi-bill-c-21\/\" \/>\n<meta property=\"og:site_name\" content=\"NPF-FPN\" \/>\n<meta property=\"article:modified_time\" content=\"2021-05-12T17:30:00+00:00\" \/>\n<meta name=\"twitter:card\" content=\"summary_large_image\" \/>\n<meta name=\"twitter:label1\" content=\"Est. reading time\" \/>\n\t<meta name=\"twitter:data1\" content=\"2 minutes\" \/>\n<script type=\"application\/ld+json\" class=\"yoast-schema-graph\">{\"@context\":\"https:\/\/schema.org\",\"@graph\":[{\"@type\":\"WebPage\",\"@id\":\"https:\/\/npf-website-wordpress.ind.ninja\/fr\/news-item\/le-18-fevrier-2021-declaration-projet-de-loi-bill-c-21\/\",\"url\":\"https:\/\/npf-website-wordpress.ind.ninja\/fr\/news-item\/le-18-fevrier-2021-declaration-projet-de-loi-bill-c-21\/\",\"name\":\"Le 18 f\u00e9vrier 2021 \u2013 D\u00e9claration : Projet de loi Bill C-21 - NPF-FPN\",\"isPartOf\":{\"@id\":\"https:\/\/npf-website-wordpress.ind.ninja\/#website\"},\"datePublished\":\"2021-02-18T17:29:00+00:00\",\"dateModified\":\"2021-05-12T17:30:00+00:00\",\"breadcrumb\":{\"@id\":\"https:\/\/npf-website-wordpress.ind.ninja\/fr\/news-item\/le-18-fevrier-2021-declaration-projet-de-loi-bill-c-21\/#breadcrumb\"},\"inLanguage\":\"fr-FR\",\"potentialAction\":[{\"@type\":\"ReadAction\",\"target\":[\"https:\/\/npf-website-wordpress.ind.ninja\/fr\/news-item\/le-18-fevrier-2021-declaration-projet-de-loi-bill-c-21\/\"]}]},{\"@type\":\"BreadcrumbList\",\"@id\":\"https:\/\/npf-website-wordpress.ind.ninja\/fr\/news-item\/le-18-fevrier-2021-declaration-projet-de-loi-bill-c-21\/#breadcrumb\",\"itemListElement\":[{\"@type\":\"ListItem\",\"position\":1,\"name\":\"Home\",\"item\":\"https:\/\/npf-website-wordpress.ind.ninja\/fr\/\"},{\"@type\":\"ListItem\",\"position\":2,\"name\":\"Le 18 f\u00e9vrier 2021 \u2013 D\u00e9claration : Projet de loi Bill C-21\"}]},{\"@type\":\"WebSite\",\"@id\":\"https:\/\/npf-website-wordpress.ind.ninja\/#website\",\"url\":\"https:\/\/npf-website-wordpress.ind.ninja\/\",\"name\":\"NPF-FPN\",\"description\":\"roviding strong, fair and progressive representation to almost 20,000 RCMP members across Canada.\",\"publisher\":{\"@id\":\"https:\/\/npf-website-wordpress.ind.ninja\/#organization\"},\"potentialAction\":[{\"@type\":\"SearchAction\",\"target\":{\"@type\":\"EntryPoint\",\"urlTemplate\":\"https:\/\/npf-website-wordpress.ind.ninja\/?s={search_term_string}\"},\"query-input\":{\"@type\":\"PropertyValueSpecification\",\"valueRequired\":true,\"valueName\":\"search_term_string\"}}],\"inLanguage\":\"fr-FR\"},{\"@type\":\"Organization\",\"@id\":\"https:\/\/npf-website-wordpress.ind.ninja\/#organization\",\"name\":\"NPF-FPN\",\"url\":\"https:\/\/npf-website-wordpress.ind.ninja\/\",\"logo\":{\"@type\":\"ImageObject\",\"inLanguage\":\"fr-FR\",\"@id\":\"https:\/\/npf-website-wordpress.ind.ninja\/#\/schema\/logo\/image\/\",\"url\":\"https:\/\/npf-fpn.com\/app\/uploads\/2022\/01\/NPF.jpg\",\"contentUrl\":\"https:\/\/npf-fpn.com\/app\/uploads\/2022\/01\/NPF.jpg\",\"width\":200,\"height\":200,\"caption\":\"NPF-FPN\"},\"image\":{\"@id\":\"https:\/\/npf-website-wordpress.ind.ninja\/#\/schema\/logo\/image\/\"}}]}<\/script>\n<!-- \/ Yoast SEO plugin. -->","yoast_head_json":{"title":"Le 18 f\u00e9vrier 2021 \u2013 D\u00e9claration : Projet de loi Bill C-21 - NPF-FPN","robots":{"index":"noindex","follow":"follow","max-snippet":"max-snippet:-1","max-image-preview":"max-image-preview:large","max-video-preview":"max-video-preview:-1"},"og_locale":"fr_FR","og_type":"article","og_title":"Le 18 f\u00e9vrier 2021 \u2013 D\u00e9claration : Projet de loi Bill C-21 - NPF-FPN","og_description":"Ottawa (Ontario)&nbsp;\u2014 M.&nbsp;Brian&nbsp;Sauv\u00e9, pr\u00e9sident de la F\u00e9d\u00e9ration de la police nationale, a fait la d\u00e9claration suivante au sujet du d\u00e9p\u00f4t du projet de loi&nbsp;C-21&nbsp;: Loi modifiant certaines lois et d\u2019autres textes en cons\u00e9quence (armes \u00e0 feu). \u00ab\u00a0Avant hier, le gouvernement [&hellip;]","og_url":"https:\/\/npf-website-wordpress.ind.ninja\/fr\/news-item\/le-18-fevrier-2021-declaration-projet-de-loi-bill-c-21\/","og_site_name":"NPF-FPN","article_modified_time":"2021-05-12T17:30:00+00:00","twitter_card":"summary_large_image","twitter_misc":{"Est. reading time":"2 minutes"},"schema":{"@context":"https:\/\/schema.org","@graph":[{"@type":"WebPage","@id":"https:\/\/npf-website-wordpress.ind.ninja\/fr\/news-item\/le-18-fevrier-2021-declaration-projet-de-loi-bill-c-21\/","url":"https:\/\/npf-website-wordpress.ind.ninja\/fr\/news-item\/le-18-fevrier-2021-declaration-projet-de-loi-bill-c-21\/","name":"Le 18 f\u00e9vrier 2021 \u2013 D\u00e9claration : Projet de loi Bill C-21 - NPF-FPN","isPartOf":{"@id":"https:\/\/npf-website-wordpress.ind.ninja\/#website"},"datePublished":"2021-02-18T17:29:00+00:00","dateModified":"2021-05-12T17:30:00+00:00","breadcrumb":{"@id":"https:\/\/npf-website-wordpress.ind.ninja\/fr\/news-item\/le-18-fevrier-2021-declaration-projet-de-loi-bill-c-21\/#breadcrumb"},"inLanguage":"fr-FR","potentialAction":[{"@type":"ReadAction","target":["https:\/\/npf-website-wordpress.ind.ninja\/fr\/news-item\/le-18-fevrier-2021-declaration-projet-de-loi-bill-c-21\/"]}]},{"@type":"BreadcrumbList","@id":"https:\/\/npf-website-wordpress.ind.ninja\/fr\/news-item\/le-18-fevrier-2021-declaration-projet-de-loi-bill-c-21\/#breadcrumb","itemListElement":[{"@type":"ListItem","position":1,"name":"Home","item":"https:\/\/npf-website-wordpress.ind.ninja\/fr\/"},{"@type":"ListItem","position":2,"name":"Le 18 f\u00e9vrier 2021 \u2013 D\u00e9claration : Projet de loi Bill C-21"}]},{"@type":"WebSite","@id":"https:\/\/npf-website-wordpress.ind.ninja\/#website","url":"https:\/\/npf-website-wordpress.ind.ninja\/","name":"NPF-FPN","description":"roviding strong, fair and progressive representation to almost 20,000 RCMP members across Canada.","publisher":{"@id":"https:\/\/npf-website-wordpress.ind.ninja\/#organization"},"potentialAction":[{"@type":"SearchAction","target":{"@type":"EntryPoint","urlTemplate":"https:\/\/npf-website-wordpress.ind.ninja\/?s={search_term_string}"},"query-input":{"@type":"PropertyValueSpecification","valueRequired":true,"valueName":"search_term_string"}}],"inLanguage":"fr-FR"},{"@type":"Organization","@id":"https:\/\/npf-website-wordpress.ind.ninja\/#organization","name":"NPF-FPN","url":"https:\/\/npf-website-wordpress.ind.ninja\/","logo":{"@type":"ImageObject","inLanguage":"fr-FR","@id":"https:\/\/npf-website-wordpress.ind.ninja\/#\/schema\/logo\/image\/","url":"https:\/\/npf-fpn.com\/app\/uploads\/2022\/01\/NPF.jpg","contentUrl":"https:\/\/npf-fpn.com\/app\/uploads\/2022\/01\/NPF.jpg","width":200,"height":200,"caption":"NPF-FPN"},"image":{"@id":"https:\/\/npf-website-wordpress.ind.ninja\/#\/schema\/logo\/image\/"}}]}},"_links":{"self":[{"href":"https:\/\/npf-website-wordpress.ind.ninja\/fr\/wp-json\/wp\/v2\/news\/544","targetHints":{"allow":["GET"]}}],"collection":[{"href":"https:\/\/npf-website-wordpress.ind.ninja\/fr\/wp-json\/wp\/v2\/news"}],"about":[{"href":"https:\/\/npf-website-wordpress.ind.ninja\/fr\/wp-json\/wp\/v2\/types\/news"}],"wp:attachment":[{"href":"https:\/\/npf-website-wordpress.ind.ninja\/fr\/wp-json\/wp\/v2\/media?parent=544"}],"wp:term":[{"taxonomy":"news_type","embeddable":true,"href":"https:\/\/npf-website-wordpress.ind.ninja\/fr\/wp-json\/wp\/v2\/news_type?post=544"},{"taxonomy":"audiences","embeddable":true,"href":"https:\/\/npf-website-wordpress.ind.ninja\/fr\/wp-json\/wp\/v2\/audiences?post=544"},{"taxonomy":"news_topics","embeddable":true,"href":"https:\/\/npf-website-wordpress.ind.ninja\/fr\/wp-json\/wp\/v2\/news_topics?post=544"}],"curies":[{"name":"wp","href":"https:\/\/api.w.org\/{rel}","templated":true}]}}