{"id":441,"date":"2021-02-04T21:52:00","date_gmt":"2021-02-04T21:52:00","guid":{"rendered":"http:\/\/npf-website-wordpress.ind.ninja\/?post_type=news&#038;p=441"},"modified":"2021-05-11T21:52:13","modified_gmt":"2021-05-11T21:52:13","slug":"4-fevrier-2021-une-facture-de-131-millions-sur-cinq-ans-pour-la-grc","status":"publish","type":"news","link":"https:\/\/npf-website-wordpress.ind.ninja\/fr\/news-item\/4-fevrier-2021-une-facture-de-131-millions-sur-cinq-ans-pour-la-grc\/","title":{"rendered":"4 f\u00e9vrier, 2021 \u2013 Une facture de 131 millions sur cinq ans pour la GRC"},"content":{"rendered":"<p>Dans une note d\u2019\u00e9valuation, le DPB indique que la Gendarmerie royale du Canada (GRC) devrait acheter 12&nbsp;500 abonnements pour ce Programme national de cam\u00e9ras corporelles, mais aussi pour un Syst\u00e8me de gestion de preuves num\u00e9riques, afin d\u2019entreposer et g\u00e9rer tous les enregistrements vid\u00e9o capt\u00e9s par ces cam\u00e9ras.<\/p><p>Les co\u00fbts de base de la cam\u00e9ra et du syst\u00e8me de gestion ont \u00e9t\u00e9 d\u00e9termin\u00e9s \u00e0 l\u2019aide des donn\u00e9es sur le contrat et les co\u00fbts projet\u00e9s fournies par le Service de police de Toronto. Mais le DPB souligne que la GRC pourrait faire face \u00e0 des co\u00fbts plus \u00e9lev\u00e9s dans ses d\u00e9tachements situ\u00e9s en milieu rural et \u00e9loign\u00e9.<\/p><p><a href=\"https:\/\/www.lapresse.ca\/actualites\/national\/2021-02-04\/cameras-corporelles\/une-facture-de-131-millions-sur-cinq-ans-pour-la-grc.php\" target=\"_blank\" rel=\"noreferrer noopener\">https:\/\/www.lapresse.ca\/actualites\/national\/2021-02-04\/cameras-corporelles\/une-facture-de-131-millions-sur-cinq-ans-pour-la-grc.php<\/a><\/p>","protected":false},"excerpt":{"rendered":"<p>Dans une note d\u2019\u00e9valuation, le DPB indique que la Gendarmerie royale du Canada (GRC) devrait acheter 12&nbsp;500 abonnements pour ce Programme national de cam\u00e9ras corporelles, mais aussi pour un Syst\u00e8me de gestion de preuves num\u00e9riques, afin d\u2019entreposer et g\u00e9rer tous [&hellip;]<\/p>\n","protected":false},"featured_media":0,"template":"","news_type":[41],"audiences":[],"news_topics":[],"class_list":["post-441","news","type-news","status-publish","hentry","news_type-news-coverage-fr"],"acf":[],"yoast_head":"<!-- This site is optimized with the Yoast SEO plugin v24.4 - https:\/\/yoast.com\/wordpress\/plugins\/seo\/ -->\n<title>4 f\u00e9vrier, 2021 \u2013 Une facture de 131 millions sur cinq ans pour la GRC - NPF-FPN<\/title>\n<meta name=\"robots\" content=\"noindex, follow, max-snippet:-1, max-image-preview:large, max-video-preview:-1\" \/>\n<meta property=\"og:locale\" content=\"fr_FR\" \/>\n<meta property=\"og:type\" content=\"article\" \/>\n<meta property=\"og:title\" content=\"4 f\u00e9vrier, 2021 \u2013 Une facture de 131 millions sur cinq ans pour la GRC - NPF-FPN\" \/>\n<meta property=\"og:description\" content=\"Dans une note d\u2019\u00e9valuation, le DPB indique que la Gendarmerie royale du Canada (GRC) devrait acheter 12&nbsp;500 abonnements pour ce Programme national de cam\u00e9ras corporelles, mais aussi pour un Syst\u00e8me de gestion de preuves num\u00e9riques, afin d\u2019entreposer et g\u00e9rer tous [&hellip;]\" \/>\n<meta property=\"og:url\" content=\"https:\/\/npf-website-wordpress.ind.ninja\/fr\/news-item\/4-fevrier-2021-une-facture-de-131-millions-sur-cinq-ans-pour-la-grc\/\" \/>\n<meta property=\"og:site_name\" content=\"NPF-FPN\" \/>\n<meta property=\"article:modified_time\" content=\"2021-05-11T21:52:13+00:00\" \/>\n<meta name=\"twitter:card\" content=\"summary_large_image\" \/>\n<meta name=\"twitter:label1\" content=\"Est. reading time\" \/>\n\t<meta name=\"twitter:data1\" content=\"1 minute\" \/>\n<script type=\"application\/ld+json\" class=\"yoast-schema-graph\">{\"@context\":\"https:\/\/schema.org\",\"@graph\":[{\"@type\":\"WebPage\",\"@id\":\"https:\/\/npf-website-wordpress.ind.ninja\/fr\/news-item\/4-fevrier-2021-une-facture-de-131-millions-sur-cinq-ans-pour-la-grc\/\",\"url\":\"https:\/\/npf-website-wordpress.ind.ninja\/fr\/news-item\/4-fevrier-2021-une-facture-de-131-millions-sur-cinq-ans-pour-la-grc\/\",\"name\":\"4 f\u00e9vrier, 2021 \u2013 Une facture de 131 millions sur cinq ans pour la GRC - NPF-FPN\",\"isPartOf\":{\"@id\":\"https:\/\/npf-website-wordpress.ind.ninja\/#website\"},\"datePublished\":\"2021-02-04T21:52:00+00:00\",\"dateModified\":\"2021-05-11T21:52:13+00:00\",\"breadcrumb\":{\"@id\":\"https:\/\/npf-website-wordpress.ind.ninja\/fr\/news-item\/4-fevrier-2021-une-facture-de-131-millions-sur-cinq-ans-pour-la-grc\/#breadcrumb\"},\"inLanguage\":\"fr-FR\",\"potentialAction\":[{\"@type\":\"ReadAction\",\"target\":[\"https:\/\/npf-website-wordpress.ind.ninja\/fr\/news-item\/4-fevrier-2021-une-facture-de-131-millions-sur-cinq-ans-pour-la-grc\/\"]}]},{\"@type\":\"BreadcrumbList\",\"@id\":\"https:\/\/npf-website-wordpress.ind.ninja\/fr\/news-item\/4-fevrier-2021-une-facture-de-131-millions-sur-cinq-ans-pour-la-grc\/#breadcrumb\",\"itemListElement\":[{\"@type\":\"ListItem\",\"position\":1,\"name\":\"Home\",\"item\":\"https:\/\/npf-website-wordpress.ind.ninja\/fr\/\"},{\"@type\":\"ListItem\",\"position\":2,\"name\":\"4 f\u00e9vrier, 2021 \u2013 Une facture de 131 millions sur cinq ans pour la GRC\"}]},{\"@type\":\"WebSite\",\"@id\":\"https:\/\/npf-website-wordpress.ind.ninja\/#website\",\"url\":\"https:\/\/npf-website-wordpress.ind.ninja\/\",\"name\":\"NPF-FPN\",\"description\":\"roviding strong, fair and progressive representation to almost 20,000 RCMP members across Canada.\",\"publisher\":{\"@id\":\"https:\/\/npf-website-wordpress.ind.ninja\/#organization\"},\"potentialAction\":[{\"@type\":\"SearchAction\",\"target\":{\"@type\":\"EntryPoint\",\"urlTemplate\":\"https:\/\/npf-website-wordpress.ind.ninja\/?s={search_term_string}\"},\"query-input\":{\"@type\":\"PropertyValueSpecification\",\"valueRequired\":true,\"valueName\":\"search_term_string\"}}],\"inLanguage\":\"fr-FR\"},{\"@type\":\"Organization\",\"@id\":\"https:\/\/npf-website-wordpress.ind.ninja\/#organization\",\"name\":\"NPF-FPN\",\"url\":\"https:\/\/npf-website-wordpress.ind.ninja\/\",\"logo\":{\"@type\":\"ImageObject\",\"inLanguage\":\"fr-FR\",\"@id\":\"https:\/\/npf-website-wordpress.ind.ninja\/#\/schema\/logo\/image\/\",\"url\":\"https:\/\/npf-fpn.com\/app\/uploads\/2022\/01\/NPF.jpg\",\"contentUrl\":\"https:\/\/npf-fpn.com\/app\/uploads\/2022\/01\/NPF.jpg\",\"width\":200,\"height\":200,\"caption\":\"NPF-FPN\"},\"image\":{\"@id\":\"https:\/\/npf-website-wordpress.ind.ninja\/#\/schema\/logo\/image\/\"}}]}<\/script>\n<!-- \/ Yoast SEO plugin. -->","yoast_head_json":{"title":"4 f\u00e9vrier, 2021 \u2013 Une facture de 131 millions sur cinq ans pour la GRC - NPF-FPN","robots":{"index":"noindex","follow":"follow","max-snippet":"max-snippet:-1","max-image-preview":"max-image-preview:large","max-video-preview":"max-video-preview:-1"},"og_locale":"fr_FR","og_type":"article","og_title":"4 f\u00e9vrier, 2021 \u2013 Une facture de 131 millions sur cinq ans pour la GRC - NPF-FPN","og_description":"Dans une note d\u2019\u00e9valuation, le DPB indique que la Gendarmerie royale du Canada (GRC) devrait acheter 12&nbsp;500 abonnements pour ce Programme national de cam\u00e9ras corporelles, mais aussi pour un Syst\u00e8me de gestion de preuves num\u00e9riques, afin d\u2019entreposer et g\u00e9rer tous [&hellip;]","og_url":"https:\/\/npf-website-wordpress.ind.ninja\/fr\/news-item\/4-fevrier-2021-une-facture-de-131-millions-sur-cinq-ans-pour-la-grc\/","og_site_name":"NPF-FPN","article_modified_time":"2021-05-11T21:52:13+00:00","twitter_card":"summary_large_image","twitter_misc":{"Est. reading time":"1 minute"},"schema":{"@context":"https:\/\/schema.org","@graph":[{"@type":"WebPage","@id":"https:\/\/npf-website-wordpress.ind.ninja\/fr\/news-item\/4-fevrier-2021-une-facture-de-131-millions-sur-cinq-ans-pour-la-grc\/","url":"https:\/\/npf-website-wordpress.ind.ninja\/fr\/news-item\/4-fevrier-2021-une-facture-de-131-millions-sur-cinq-ans-pour-la-grc\/","name":"4 f\u00e9vrier, 2021 \u2013 Une facture de 131 millions sur cinq ans pour la GRC - NPF-FPN","isPartOf":{"@id":"https:\/\/npf-website-wordpress.ind.ninja\/#website"},"datePublished":"2021-02-04T21:52:00+00:00","dateModified":"2021-05-11T21:52:13+00:00","breadcrumb":{"@id":"https:\/\/npf-website-wordpress.ind.ninja\/fr\/news-item\/4-fevrier-2021-une-facture-de-131-millions-sur-cinq-ans-pour-la-grc\/#breadcrumb"},"inLanguage":"fr-FR","potentialAction":[{"@type":"ReadAction","target":["https:\/\/npf-website-wordpress.ind.ninja\/fr\/news-item\/4-fevrier-2021-une-facture-de-131-millions-sur-cinq-ans-pour-la-grc\/"]}]},{"@type":"BreadcrumbList","@id":"https:\/\/npf-website-wordpress.ind.ninja\/fr\/news-item\/4-fevrier-2021-une-facture-de-131-millions-sur-cinq-ans-pour-la-grc\/#breadcrumb","itemListElement":[{"@type":"ListItem","position":1,"name":"Home","item":"https:\/\/npf-website-wordpress.ind.ninja\/fr\/"},{"@type":"ListItem","position":2,"name":"4 f\u00e9vrier, 2021 \u2013 Une facture de 131 millions sur cinq ans pour la GRC"}]},{"@type":"WebSite","@id":"https:\/\/npf-website-wordpress.ind.ninja\/#website","url":"https:\/\/npf-website-wordpress.ind.ninja\/","name":"NPF-FPN","description":"roviding strong, fair and progressive representation to almost 20,000 RCMP members across Canada.","publisher":{"@id":"https:\/\/npf-website-wordpress.ind.ninja\/#organization"},"potentialAction":[{"@type":"SearchAction","target":{"@type":"EntryPoint","urlTemplate":"https:\/\/npf-website-wordpress.ind.ninja\/?s={search_term_string}"},"query-input":{"@type":"PropertyValueSpecification","valueRequired":true,"valueName":"search_term_string"}}],"inLanguage":"fr-FR"},{"@type":"Organization","@id":"https:\/\/npf-website-wordpress.ind.ninja\/#organization","name":"NPF-FPN","url":"https:\/\/npf-website-wordpress.ind.ninja\/","logo":{"@type":"ImageObject","inLanguage":"fr-FR","@id":"https:\/\/npf-website-wordpress.ind.ninja\/#\/schema\/logo\/image\/","url":"https:\/\/npf-fpn.com\/app\/uploads\/2022\/01\/NPF.jpg","contentUrl":"https:\/\/npf-fpn.com\/app\/uploads\/2022\/01\/NPF.jpg","width":200,"height":200,"caption":"NPF-FPN"},"image":{"@id":"https:\/\/npf-website-wordpress.ind.ninja\/#\/schema\/logo\/image\/"}}]}},"_links":{"self":[{"href":"https:\/\/npf-website-wordpress.ind.ninja\/fr\/wp-json\/wp\/v2\/news\/441","targetHints":{"allow":["GET"]}}],"collection":[{"href":"https:\/\/npf-website-wordpress.ind.ninja\/fr\/wp-json\/wp\/v2\/news"}],"about":[{"href":"https:\/\/npf-website-wordpress.ind.ninja\/fr\/wp-json\/wp\/v2\/types\/news"}],"wp:attachment":[{"href":"https:\/\/npf-website-wordpress.ind.ninja\/fr\/wp-json\/wp\/v2\/media?parent=441"}],"wp:term":[{"taxonomy":"news_type","embeddable":true,"href":"https:\/\/npf-website-wordpress.ind.ninja\/fr\/wp-json\/wp\/v2\/news_type?post=441"},{"taxonomy":"audiences","embeddable":true,"href":"https:\/\/npf-website-wordpress.ind.ninja\/fr\/wp-json\/wp\/v2\/audiences?post=441"},{"taxonomy":"news_topics","embeddable":true,"href":"https:\/\/npf-website-wordpress.ind.ninja\/fr\/wp-json\/wp\/v2\/news_topics?post=441"}],"curies":[{"name":"wp","href":"https:\/\/api.w.org\/{rel}","templated":true}]}}